{"id":40898,"date":"2022-10-21T00:00:26","date_gmt":"2022-10-21T03:00:26","guid":{"rendered":"https:\/\/vocesdebaires.com.ar\/?p=40898"},"modified":"2022-10-21T00:14:05","modified_gmt":"2022-10-21T03:14:05","slug":"teatro-colon-horacio-larreta-recibio-a-los-alcaldes","status":"publish","type":"post","link":"https:\/\/vocesdebaires.com.ar\/index.php\/2022\/10\/21\/teatro-colon-horacio-larreta-recibio-a-los-alcaldes\/","title":{"rendered":"Teatro Col\u00f3n: Horacio Larreta recibi\u00f3 a los alcaldes"},"content":{"rendered":"<p>El jefe de Gobierno porte\u00f1o, Horacio Rodr\u00edguez Larreta, recibi\u00f3 ayer jueves a los alcaldes que participan de la Cumbre Mundial de C40 en el Teatro Col\u00f3n, donde se realiz\u00f3 una recepci\u00f3n de bienvenida a la Ciudad. El primer d\u00eda de la cumbre en el Centro de Convenciones reuni\u00f3 a m\u00e1s de 3.000 personas que participaron de los debates y actividades y hubo m\u00e1s de 50 eventos paralelos en toda la Ciudad para concientizar sobre los problemas que genera el cambio clim\u00e1tico. Durante la recepci\u00f3n, los alcaldes participaron de una ceremonia de recambio de luces de la ara\u00f1a principal del teatro, que utiliza iluminaci\u00f3n 100% LED, hasta un 80% m\u00e1s eficiente que la iluminaci\u00f3n tradicional y permite ahorrar energ\u00eda.<\/p>\n<p>Ubicada en la c\u00fapula de la sala, la ara\u00f1a principal del Teatro Col\u00f3n fue construida en Europa a fines del siglo XIX y es un espect\u00e1culo \u00fanico. El mantenimiento de la ara\u00f1a de la sala principal es un trabajo que se lleva adelante todos los a\u00f1os y demanda m\u00e1s de cinco horas. El personal del Teatro hace descender 30 metros la imponente luminaria que tiene 5,5 metros de di\u00e1metro para efectuar la limpieza y el recambio de sus casi 600 l\u00e1mparas.<\/p>\n<p>\u201cLa Cumbre C40 nos muestra una vez m\u00e1s que el mejor camino para resolver los problemas es trabajar juntos, apostando al di\u00e1logo y a la construcci\u00f3n de acuerdos perdurables para transformar la realidad. Y vemos que esto es posible en todos los niveles. A nivel nacional, las ciudades argentinas logramos firmar un consenso entre 150 ciudades para luchar por el planeta a nivel federal. Y a nivel internacional, los alcaldes nos llevamos compromisos importantes de cara a la COP 27. Porque ese es nuestro mayor desaf\u00edo, lograr que todos estos acuerdos perduren. Que sean puentes que construyamos nosotros, pero sobre los que puedan caminar nuestros pueblos por las pr\u00f3ximas d\u00e9cadas. Argentina tiene todo para liderar ese cambio, para impulsar a la regi\u00f3n, para dar a conocer en todo el mundo c\u00f3mo trabajamos y c\u00f3mo nos esforzamos sin rendirnos\u201d, se\u00f1al\u00f3 el jefe de Gobierno, Horacio Rodr\u00edguez Larreta.<\/p>\n<p><strong>Participaron los alcaldes<\/strong> Sadiq Khan (Londres), Eric Garcetti (Los \u00c1ngeles), Anne Hidalgo (Par\u00eds), Raymond Johansen (Oslo), Sophie H\u00e6storp Andersen (Copenhague), Val\u00e9rie Plante (Montreal), Ahmed Aboutaleb (Rotteradm), Kostas Bakoyannis (Atenas), Rafa\u0142 Trzaskowski (Varsovia), Kate Gallego (Phoenix), Steve Adler (Austin), Brue Harrell (Seattle), Daniella Levine Cava (Miami-Dade), Matteo Lepore (Bologna), Carlos Orsoe Morales V\u00e1zquez (Tuxtla Guti\u00e9rrez), Sharon Dijksma (Utrech), Noor Taposh (Dakha Sur), Atiqul Islam (Dakha Norte), Iqbal Singh Chahal (Bombay), Ricardo Nunes (San Pablo), \u00d3scar Rodr\u00edguez Qui\u00f1\u00f3nez (Asunci\u00f3n), Rafael Greca (Curitiba) Samir Mayekar (deputy mayor de Chicago), Meera Joshi (deputy mayor de Nueva York), Omary Kumbilamoto (Dar es Salaam) , Denise Yvonne Aki-Sawyerr (Freetown), Randall Williams (Tshwane), y Tania Lynette Campbell (Ekurhuleni), entre otros.<\/p>\n<p>Rodr\u00edguez Larreta tambi\u00e9n abri\u00f3 el Foro de J\u00f3venes y Alcaldes, donde dialog\u00f3 con chicos y chicas de todo el mundo y de toda la Argentina que forman parte de la Delegaci\u00f3n de la Cumbre. Lo acompa\u00f1aron el alcalde de Los \u00c1ngeles, Eric Garcetti; la alcaldesa de Bogot\u00e1, Claudia L\u00f3pez Hern\u00e1ndez y el alcalde de Austin, Steve Adler. Ayer, tambi\u00e9n se realiz\u00f3 la apertura del Cities &amp; Business Forum, que reuni\u00f3 a m\u00e1s de mil l\u00edderes de compa\u00f1\u00edas internacionales y nacionales para debatir proyectos p\u00fablico-privados en materia de acci\u00f3n clim\u00e1tica. Entre otras, estuvieron representantes de compa\u00f1\u00edas como Amazon, Microsoft, Siemens, Accenture, Danone, Enel, BYD, Foster&amp;Partners, Velux y emprendedores argentinos Endeavor.<\/p>\n<p>Ayer el jefe de gobierno, Horacio Rodr\u00edguez Larreta, y el alcalde de Londres, Sadiq Khan, abrieron la Cumbre Mundial de Alcaldes -el foro de ciudades m\u00e1s grande del mundo- que en las deliberaciones del Centro de Convenciones re\u00fane a 121 ciudades de todo el mundo y 150 ciudades argentinas para consensuar nuevos compromisos en la lucha contra el cambio clim\u00e1tico. Al inicio del encuentro, el jefe de Gobierno le dio la bienvenida a los alcaldes en ingl\u00e9s, y luego salud\u00f3 en franc\u00e9s a la alcaldesa de Par\u00eds, Anne Hidalgo, expresidenta de C40 y fundadora, junto a Rodr\u00edguez Larreta, del Urban 20, el grupo de ciudades creado en el marco del G20 en 2018. Sadiq Khan, el presidente de C40, asegur\u00f3: \u201cLa reputaci\u00f3n internacional de Buenos Aires se fortalece con esta cumbre junto con su visi\u00f3n de convertirse en una ciudad l\u00edder en cambio clim\u00e1tico\u201d.<\/p>\n<p><strong>Foto: Walter Carrera\/GCBA<\/strong><\/p>\n","protected":false},"excerpt":{"rendered":"<p>El jefe de Gobierno porte\u00f1o, Horacio Rodr\u00edguez Larreta, recibi\u00f3 ayer jueves a los alcaldes que participan de la Cumbre Mundial de C40 en el Teatro Col\u00f3n, donde se realiz\u00f3 una recepci\u00f3n de bienvenida a la Ciudad. El primer d\u00eda de la cumbre en el Centro de Convenciones reuni\u00f3 a m\u00e1s de 3.000 personas que participaron [&hellip;]<\/p>\n","protected":false},"author":2,"featured_media":40912,"comment_status":"open","ping_status":"open","sticky":false,"template":"","format":"standard","meta":{"_et_pb_use_builder":"","_et_pb_old_content":"","_et_gb_content_width":"","footnotes":""},"categories":[11,33],"tags":[],"class_list":["post-40898","post","type-post","status-publish","format-standard","has-post-thumbnail","hentry","category-ciudad","category-sociedad-y-cultura-2"],"_links":{"self":[{"href":"https:\/\/vocesdebaires.com.ar\/index.php\/wp-json\/wp\/v2\/posts\/40898"}],"collection":[{"href":"https:\/\/vocesdebaires.com.ar\/index.php\/wp-json\/wp\/v2\/posts"}],"about":[{"href":"https:\/\/vocesdebaires.com.ar\/index.php\/wp-json\/wp\/v2\/types\/post"}],"author":[{"embeddable":true,"href":"https:\/\/vocesdebaires.com.ar\/index.php\/wp-json\/wp\/v2\/users\/2"}],"replies":[{"embeddable":true,"href":"https:\/\/vocesdebaires.com.ar\/index.php\/wp-json\/wp\/v2\/comments?post=40898"}],"version-history":[{"count":3,"href":"https:\/\/vocesdebaires.com.ar\/index.php\/wp-json\/wp\/v2\/posts\/40898\/revisions"}],"predecessor-version":[{"id":40913,"href":"https:\/\/vocesdebaires.com.ar\/index.php\/wp-json\/wp\/v2\/posts\/40898\/revisions\/40913"}],"wp:featuredmedia":[{"embeddable":true,"href":"https:\/\/vocesdebaires.com.ar\/index.php\/wp-json\/wp\/v2\/media\/40912"}],"wp:attachment":[{"href":"https:\/\/vocesdebaires.com.ar\/index.php\/wp-json\/wp\/v2\/media?parent=40898"}],"wp:term":[{"taxonomy":"category","embeddable":true,"href":"https:\/\/vocesdebaires.com.ar\/index.php\/wp-json\/wp\/v2\/categories?post=40898"},{"taxonomy":"post_tag","embeddable":true,"href":"https:\/\/vocesdebaires.com.ar\/index.php\/wp-json\/wp\/v2\/tags?post=40898"}],"curies":[{"name":"wp","href":"https:\/\/api.w.org\/{rel}","templated":true}]}}