{"id":4090,"date":"2019-01-08T03:00:00","date_gmt":"2019-01-08T06:00:00","guid":{"rendered":"http:\/\/vocesdebaires.com.ar\/wordpress\/index.php\/2019\/01\/08\/reforma-educativa-hay-mesa-de-dialogo\/"},"modified":"2019-01-08T03:00:00","modified_gmt":"2019-01-08T06:00:00","slug":"reforma-educativa-hay-mesa-de-dialogo","status":"publish","type":"post","link":"https:\/\/vocesdebaires.com.ar\/index.php\/2019\/01\/08\/reforma-educativa-hay-mesa-de-dialogo\/","title":{"rendered":"Reforma Educativa: Hay mesa de di\u00e1logo"},"content":{"rendered":"<p>Convocados por el Defensor del Pueblo Alejandro Amor, representantes del Ministerio de Educaci\u00f3n porte\u00f1o y de los sindicatos docentes se reunieron en la sede central de la instituci\u00f3n para conformar una mesa de di\u00e1logo en el marco del debate generado por la resoluci\u00f3n 4055\/18 de esa cartera que daba de baja el plan de estudios de las escuelas comerciales nocturnas.Como resultado de esa negociaci\u00f3n, se acord\u00f3 que el proceso de reforma educativa puesto en marcha por el Gobierno porte\u00f1o no contemplar\u00e1 el cierre de establecimientos sino la transformaci\u00f3n de los planes de estudio y nuevas modalidades educativas, cuya implementaci\u00f3n ser\u00e1 discutida por representantes del Gobierno de la Ciudad y de los sindicatos; al tiempo que se garantiz\u00f3, adem\u00e1s, la continuidad laboral de todos los docentes y se cre\u00f3 una comisi\u00f3n que estar\u00e1 en el \u00e1mbito de la Defensor\u00eda del Pueblo porte\u00f1a -integrada por las partes- para evaluar y resolver alternativas en el marco de la anunciada reforma educativa.<\/p>\n<p>Del encuentro participaron el Defensor del Pueblo porte\u00f1o, Alejandro Amor; la ministra de Educaci\u00f3n de la Ciudad, Soledad Acu\u00f1a; el subsecretario de Carrera Docente y Formaci\u00f3n T\u00e9cnico Profesional, Javier Tarulla; y representantes de las asociaciones sindicales ADEF, SUTECBA, UDA-Secci\u00f3n Capital, SEDUCA, COMPROMISO, CAMYP, ADIA, UTE, ADEMYS, EDUPEC, ASED, SEDEBA y AMET.\u00a0\u201cLo m\u00e1s importante de la reuni\u00f3n de hoy fue la ratificaci\u00f3n de que no se cerrar\u00e1n escuelas y que todos los docentes tienen garantizada su continuidad laboral. Esos compromisos quedaron establecidos en un acta que tiene fuerza de ley entre las partes. Adem\u00e1s, se decidi\u00f3 conformar una comisi\u00f3n que comenzar\u00e1 a trabajar la semana que viene\u201c, asegur\u00f3 el Defensor del Pueblo porte\u00f1o, quien adem\u00e1s destac\u00f3 la \u201cvoluntad de di\u00e1logo\u201d de todos los sectores.<\/p>\n<p>Por su parte, la ministra Soledad Acu\u00f1a le agradeci\u00f3 al Defensor del Pueblo \u201cpor el espacio de di\u00e1logo\u201d y afirm\u00f3: \u201cConfirmamos como gobierno que no cerramos escuelas, sino que estamos abriendo escuelas. Por eso seguimos avanzando en una transformaci\u00f3n educativa que genere m\u00e1s oportunidades para j\u00f3venes y adultos\u201d. \u201cEl acta que firmamos hoy \u2013a\u00f1adi\u00f3 Acu\u00f1a- ratifica la convicci\u00f3n de transformar la oferta de las comerciales nocturnas que hoy no est\u00e1n dando respuesta a la ciudadan\u00eda, y de abrir con ofertas nuevas y renovadas.\u00a0 Al mismo tiempo, ratificamos que la Ciudad necesita docentes, por eso no est\u00e1 en riesgo la estabilidad laboral de ninguno de ellos y para eso hemos construido la comisi\u00f3n para poder garantizarlo\u201d.El encuentro tuvo lugar esta ma\u00f1ana en la sede de la Defensor\u00eda ubicada en Av. Belgrano 673.<\/p>\n","protected":false},"excerpt":{"rendered":"<p>Convocados por el Defensor del Pueblo Alejandro Amor, representantes del Ministerio de Educaci\u00f3n porte\u00f1o y de los sindicatos docentes se reunieron en la sede central de la instituci\u00f3n para conformar una mesa de di\u00e1logo en el marco del debate generado por la resoluci\u00f3n 4055\/18 de esa cartera que daba de baja el plan de estudios [&hellip;]<\/p>\n","protected":false},"author":1,"featured_media":4091,"comment_status":"open","ping_status":"open","sticky":false,"template":"","format":"standard","meta":{"_et_pb_use_builder":"","_et_pb_old_content":"","_et_gb_content_width":"","footnotes":""},"categories":[11,33],"tags":[],"class_list":["post-4090","post","type-post","status-publish","format-standard","has-post-thumbnail","hentry","category-ciudad","category-sociedad-y-cultura-2"],"_links":{"self":[{"href":"https:\/\/vocesdebaires.com.ar\/index.php\/wp-json\/wp\/v2\/posts\/4090"}],"collection":[{"href":"https:\/\/vocesdebaires.com.ar\/index.php\/wp-json\/wp\/v2\/posts"}],"about":[{"href":"https:\/\/vocesdebaires.com.ar\/index.php\/wp-json\/wp\/v2\/types\/post"}],"author":[{"embeddable":true,"href":"https:\/\/vocesdebaires.com.ar\/index.php\/wp-json\/wp\/v2\/users\/1"}],"replies":[{"embeddable":true,"href":"https:\/\/vocesdebaires.com.ar\/index.php\/wp-json\/wp\/v2\/comments?post=4090"}],"version-history":[{"count":0,"href":"https:\/\/vocesdebaires.com.ar\/index.php\/wp-json\/wp\/v2\/posts\/4090\/revisions"}],"wp:featuredmedia":[{"embeddable":true,"href":"https:\/\/vocesdebaires.com.ar\/index.php\/wp-json\/wp\/v2\/media\/4091"}],"wp:attachment":[{"href":"https:\/\/vocesdebaires.com.ar\/index.php\/wp-json\/wp\/v2\/media?parent=4090"}],"wp:term":[{"taxonomy":"category","embeddable":true,"href":"https:\/\/vocesdebaires.com.ar\/index.php\/wp-json\/wp\/v2\/categories?post=4090"},{"taxonomy":"post_tag","embeddable":true,"href":"https:\/\/vocesdebaires.com.ar\/index.php\/wp-json\/wp\/v2\/tags?post=4090"}],"curies":[{"name":"wp","href":"https:\/\/api.w.org\/{rel}","templated":true}]}}