{"id":40901,"date":"2022-10-21T00:00:16","date_gmt":"2022-10-21T03:00:16","guid":{"rendered":"https:\/\/vocesdebaires.com.ar\/?p=40901"},"modified":"2022-10-21T00:00:08","modified_gmt":"2022-10-21T03:00:08","slug":"la-legislatura-portena-participara-de-la-noche-de-los-museos","status":"publish","type":"post","link":"https:\/\/vocesdebaires.com.ar\/index.php\/2022\/10\/21\/la-legislatura-portena-participara-de-la-noche-de-los-museos\/","title":{"rendered":"La legislatura porte\u00f1a: Participar\u00e1 de la noche de los Museos"},"content":{"rendered":"<p>La Legislatura de la Ciudad participar\u00e1 de la Noche de los Museos ma\u00f1ana s\u00e1bado 22 de octubre. De 19 a 2 recibir\u00e1 a los vecinos de la Ciudad con propuestas culturales, m\u00fasica en vivo y distintos espacios art\u00edsticos en la casa parlamentaria. La entrada es libre y gratuita y el ingreso ser\u00e1 por Av. Presidente Julio A. Roca 575 donde se podr\u00e1 disfrutar de shows de bandas y artistas como Milonga, Camerata de la Ciudad, Recicladores, Sotavento, Yvng Tony, MCH El Markuzi, Houston y Los Problemas, Joaquino DJ, Vivi Verri, Mirta \u00c1lvarez y el coro de la Legislatura. Adem\u00e1s, los m\u00e1s peque\u00f1os podr\u00e1n disfrutar de la presentaci\u00f3n circense de La Farfala, como tambi\u00e9n de juegos y talleres dentro del Espacio de los Carruajes, en el interior del palacio parlamentario.<\/p>\n","protected":false},"excerpt":{"rendered":"<p>La Legislatura de la Ciudad participar\u00e1 de la Noche de los Museos ma\u00f1ana s\u00e1bado 22 de octubre. De 19 a 2 recibir\u00e1 a los vecinos de la Ciudad con propuestas culturales, m\u00fasica en vivo y distintos espacios art\u00edsticos en la casa parlamentaria. La entrada es libre y gratuita y el ingreso ser\u00e1 por Av. Presidente [&hellip;]<\/p>\n","protected":false},"author":2,"featured_media":40902,"comment_status":"open","ping_status":"open","sticky":false,"template":"","format":"standard","meta":{"_et_pb_use_builder":"","_et_pb_old_content":"","_et_gb_content_width":"","footnotes":""},"categories":[11,33],"tags":[],"class_list":["post-40901","post","type-post","status-publish","format-standard","has-post-thumbnail","hentry","category-ciudad","category-sociedad-y-cultura-2"],"_links":{"self":[{"href":"https:\/\/vocesdebaires.com.ar\/index.php\/wp-json\/wp\/v2\/posts\/40901"}],"collection":[{"href":"https:\/\/vocesdebaires.com.ar\/index.php\/wp-json\/wp\/v2\/posts"}],"about":[{"href":"https:\/\/vocesdebaires.com.ar\/index.php\/wp-json\/wp\/v2\/types\/post"}],"author":[{"embeddable":true,"href":"https:\/\/vocesdebaires.com.ar\/index.php\/wp-json\/wp\/v2\/users\/2"}],"replies":[{"embeddable":true,"href":"https:\/\/vocesdebaires.com.ar\/index.php\/wp-json\/wp\/v2\/comments?post=40901"}],"version-history":[{"count":1,"href":"https:\/\/vocesdebaires.com.ar\/index.php\/wp-json\/wp\/v2\/posts\/40901\/revisions"}],"predecessor-version":[{"id":40903,"href":"https:\/\/vocesdebaires.com.ar\/index.php\/wp-json\/wp\/v2\/posts\/40901\/revisions\/40903"}],"wp:featuredmedia":[{"embeddable":true,"href":"https:\/\/vocesdebaires.com.ar\/index.php\/wp-json\/wp\/v2\/media\/40902"}],"wp:attachment":[{"href":"https:\/\/vocesdebaires.com.ar\/index.php\/wp-json\/wp\/v2\/media?parent=40901"}],"wp:term":[{"taxonomy":"category","embeddable":true,"href":"https:\/\/vocesdebaires.com.ar\/index.php\/wp-json\/wp\/v2\/categories?post=40901"},{"taxonomy":"post_tag","embeddable":true,"href":"https:\/\/vocesdebaires.com.ar\/index.php\/wp-json\/wp\/v2\/tags?post=40901"}],"curies":[{"name":"wp","href":"https:\/\/api.w.org\/{rel}","templated":true}]}}