{"id":40904,"date":"2022-10-21T00:03:52","date_gmt":"2022-10-21T03:03:52","guid":{"rendered":"https:\/\/vocesdebaires.com.ar\/?p=40904"},"modified":"2022-10-21T00:03:52","modified_gmt":"2022-10-21T03:03:52","slug":"noche-de-los-museos-se-suma-al-c40-y-con-270-espacios-publicos-y-privados","status":"publish","type":"post","link":"https:\/\/vocesdebaires.com.ar\/index.php\/2022\/10\/21\/noche-de-los-museos-se-suma-al-c40-y-con-270-espacios-publicos-y-privados\/","title":{"rendered":"Noche de los Museos se suma al C40, y con 270 espacios p\u00fablicos y privados"},"content":{"rendered":"<p>Organizado por el Gobierno de la Ciudad de Buenos Aires,ma\u00f1ana s\u00e1bado 22 de octubre se realizar\u00e1 La Noche de los Museos, el evento cultural m\u00e1s esperado del a\u00f1o. Esta 18\u00b0 edici\u00f3n se realizar\u00e1 enfocada en los temas abordados por la Cumbre Global de Alcaldes de C40, un encuentro que re\u00fane a representantes de todo el mundo que trabajan sobre el rol de los gobiernos locales para enfrentar el cambio clim\u00e1tico. M\u00e1s de 270 sedes se alinear\u00e1n al objetivo de este encuentro con iniciativas que invitar\u00e1n a reflexionar sobre la sustentabilidad, la relaci\u00f3n entre arte y naturaleza, y las consecuencias de la problem\u00e1tica ambiental y clim\u00e1tica que atraviesa el mundo.<\/p>\n<p>La Noche de los Museos ser\u00e1 un momento de celebraci\u00f3n en el que los museos, edificios emblem\u00e1ticos y espacios culturales de todas las comunas, abren sus puertas en horario no habitual, de manera gratuita con una programaci\u00f3n especialmente pensada poniendo foco en la problem\u00e1tica ambiental, clim\u00e1tica y el cuidado de la ecolog\u00eda para que vecinos y turistas participen activamente y reflexionen.Habr\u00e1 exhibiciones y actividades de 19 a 2 horas. Son siete horas en las que se podr\u00e1 vivir y respirar la cultura porte\u00f1a, como en ning\u00fan otro momento del a\u00f1o, este a\u00f1o de manera tem\u00e1tica, en sinton\u00eda con los temas abordados en la cumbre de alcaldes de C40.<\/p>\n<p>Entre las much\u00edsimas novedades, en esta edici\u00f3n de La Noche de los Museos participan 45 nuevos espacios entre los cuales se encuentra Casa FOA que se suma al evento y por primera vez en su historia se vincula a un museo, en este caso el Museo Isaac Fernandez Blanco, abriendo sus puertas de manera gratuita. Adem\u00e1s, 30 escuelas de la ciudad abrir\u00e1n para mostrar sus espacios con actividades para toda la familia. Los municipios de Azul, Tandil, Vicente L\u00f3pez y 3 de Febrero se hermanan a La Noche de los Museos con varios espacios culturales.<\/p>\n","protected":false},"excerpt":{"rendered":"<p>Organizado por el Gobierno de la Ciudad de Buenos Aires,ma\u00f1ana s\u00e1bado 22 de octubre se realizar\u00e1 La Noche de los Museos, el evento cultural m\u00e1s esperado del a\u00f1o. Esta 18\u00b0 edici\u00f3n se realizar\u00e1 enfocada en los temas abordados por la Cumbre Global de Alcaldes de C40, un encuentro que re\u00fane a representantes de todo el [&hellip;]<\/p>\n","protected":false},"author":2,"featured_media":40905,"comment_status":"open","ping_status":"open","sticky":false,"template":"","format":"standard","meta":{"_et_pb_use_builder":"","_et_pb_old_content":"","_et_gb_content_width":"","footnotes":""},"categories":[11,33],"tags":[],"class_list":["post-40904","post","type-post","status-publish","format-standard","has-post-thumbnail","hentry","category-ciudad","category-sociedad-y-cultura-2"],"_links":{"self":[{"href":"https:\/\/vocesdebaires.com.ar\/index.php\/wp-json\/wp\/v2\/posts\/40904"}],"collection":[{"href":"https:\/\/vocesdebaires.com.ar\/index.php\/wp-json\/wp\/v2\/posts"}],"about":[{"href":"https:\/\/vocesdebaires.com.ar\/index.php\/wp-json\/wp\/v2\/types\/post"}],"author":[{"embeddable":true,"href":"https:\/\/vocesdebaires.com.ar\/index.php\/wp-json\/wp\/v2\/users\/2"}],"replies":[{"embeddable":true,"href":"https:\/\/vocesdebaires.com.ar\/index.php\/wp-json\/wp\/v2\/comments?post=40904"}],"version-history":[{"count":1,"href":"https:\/\/vocesdebaires.com.ar\/index.php\/wp-json\/wp\/v2\/posts\/40904\/revisions"}],"predecessor-version":[{"id":40906,"href":"https:\/\/vocesdebaires.com.ar\/index.php\/wp-json\/wp\/v2\/posts\/40904\/revisions\/40906"}],"wp:featuredmedia":[{"embeddable":true,"href":"https:\/\/vocesdebaires.com.ar\/index.php\/wp-json\/wp\/v2\/media\/40905"}],"wp:attachment":[{"href":"https:\/\/vocesdebaires.com.ar\/index.php\/wp-json\/wp\/v2\/media?parent=40904"}],"wp:term":[{"taxonomy":"category","embeddable":true,"href":"https:\/\/vocesdebaires.com.ar\/index.php\/wp-json\/wp\/v2\/categories?post=40904"},{"taxonomy":"post_tag","embeddable":true,"href":"https:\/\/vocesdebaires.com.ar\/index.php\/wp-json\/wp\/v2\/tags?post=40904"}],"curies":[{"name":"wp","href":"https:\/\/api.w.org\/{rel}","templated":true}]}}