{"id":40935,"date":"2022-10-24T00:00:31","date_gmt":"2022-10-24T03:00:31","guid":{"rendered":"https:\/\/vocesdebaires.com.ar\/?p=40935"},"modified":"2022-10-23T15:13:52","modified_gmt":"2022-10-23T18:13:52","slug":"mar-del-platala-cc-ari-hay-que-consolidar-la-unidad-de-jxc-y-construir-amistad-politica","status":"publish","type":"post","link":"https:\/\/vocesdebaires.com.ar\/index.php\/2022\/10\/24\/mar-del-platala-cc-ari-hay-que-consolidar-la-unidad-de-jxc-y-construir-amistad-politica\/","title":{"rendered":"CC.ARI: Hay que consolidar la unidad de JxC y construir amistad pol\u00edtica"},"content":{"rendered":"<p>Los m\u00e1ximos referentes de la CC ARI se reunieron el pasado s\u00e0bado en Mar del Plata durante una actividad partidaria, donde plantearon la necesidad de \u201cponer toda la energ\u00eda en consolidar la unidad de JxC y construir amistad pol\u00edtica\u201d, aseguraron que \u201cla provincia de Buenos Aires debe ser parte de un proyecto nacional\u201d y afirmaron que \u201cel 2023 ser\u00e1 el tiempo de definir las candidaturas\u201d. En esta ciudad, la Coalici\u00f3n C\u00edvica realiz\u00f3 su tercera Caravana C\u00edvica Federal para desarrollar un encuentro sobre pol\u00edticas vinculadas al ecosistema del desarrollo, la educaci\u00f3n, el trabajo, la innovaci\u00f3n y la producci\u00f3n.<\/p>\n<p>La apertura de la jornada estuvo a cargo del presidente de la CC ARI nacional y diputado nacional, Maximiliano Ferraro; la diputada provincial y presidenta de la Asamblea Nacional CC ARI, Maricel Etchecoin; el senador provincial y presidente de CC ARI PBA, Andr\u00e9s De Leo; y Bernardo Mart\u00edn, presidente EMTUR Mar del Plata. \u201cTodos sabemos que tenemos por delante un gran desaf\u00edo en la provincia de Buenos Aires, la madre de todas las batallas, si queremos generar el cambio y la transformaci\u00f3n que la Argentina necesita; tenemos que dar la pelea en la Provincia y en todo el pa\u00eds para tener la posibilidad de una alternancia en el 2023\u201d, asegur\u00f3 Ferraro en la apertura.<\/p>\n<p>\u201cPero este tiempo nos tiene que encontrar mucho m\u00e1s enfocados en poder dar respuestas a los temas urgentes y toda la energ\u00eda para ver qu\u00e9 es lo que le vamos a proponer a los argentinos el pr\u00f3ximo a\u00f1o\u201d, plante\u00f3.\u00a0 En ese sentido, Ferraro dijo que \u201cen este 2022 tenemos que poner toda la energ\u00eda en seguir consolidando la unidad de Juntos por el Cambio, construir amistad pol\u00edtica entre quienes somos parte de esta coalici\u00f3n conformada por el radicalismo, el PRO, la Coalici\u00f3n C\u00edvica y el peronismo republicano\u201d, dijo y agreg\u00f3 que \u201ctenemos que entender que esa unidad no debe ser confundida con unanimidad o uniformidad, cada uno de los partidos y liderazgos tiene mucho para aportar, y el 2023 ser\u00e1 el tiempo de la definici\u00f3n de candidaturas\u201d.<\/p>\n<p>\u201dEst\u00e1 claro como Coalici\u00f3n C\u00edvica que tenemos que dar respuestas a las cuestiones de la macroeconom\u00eda, la cuesti\u00f3n monetaria, cambiaria, la inflaci\u00f3n, la situaci\u00f3n de pobreza, indigencia, inseguridad que vemos a lo largo y ancho del pa\u00eds pero tambi\u00e9n es importante poder abordar lo que denominamos el ecosistema para el desarrollo, y de qu\u00e9 manera podemos abordar una agenda de temas que, como partido y todo JxC, tenemos que ponerlo en un lugar central a la hora de definir el acuerdo program\u00e1tico y qu\u00e9 es lo que vamos a ofrecer a los argentinos en 2023\u201d, remarc\u00f3.<\/p>\n<p>A su turno, Etchecoin asegur\u00f3 que \u201cla provincia de Buenos Aires debe ser parte de un proyecto nacional. En la \u00faltima elecci\u00f3n, en la Provincia todos juntos demostramos que le pod\u00edamos ganar al peronismo y kirchnerismo unificado. El 2023 es posible, resolviendo las cosas que nos dividen y fortaleciendo la unidad, somos una real alternativa\u201d. \u201cElegimos esta tercera parada de la Caravana C\u00edvica porque Mar del Plata tiene un modelo de gesti\u00f3n\u201d, resalt\u00f3 Etchecoin y agreg\u00f3 que \u201cla Coalici\u00f3n C\u00edvica va a ser una voz importante para adelante, es necesaria, marca destino con el liderazgo indiscutible de Lilita Carri\u00f3\u201d.<\/p>\n<p>En tanto, el senador De Leo dijo que le \u201cllena de satisfacci\u00f3n que la CC ARI nacional haya elegido a la provincia de Buenos Aires, concretamente a Mar del Plata, para cerrar su cronograma de Caravanas C\u00edvicas. En los pr\u00f3ximos d\u00edas voy a estar culminando mi mandato como presidente de la Coalici\u00f3n C\u00edvica bonaerense, rol que ejerc\u00ed durante 5 a\u00f1os\u201d. \u201cHe cumplido el compromiso asumido, con un balance muy positivo, y estoy listo para cumplir otras funciones. Es tiempo de que otras personas tomen las riendas del partido\u201d, asegur\u00f3 el senador provincial.<\/p>\n<p>Por su parte, el presidente EMTUR de Mar del Plata dijo que \u201cpudimos revertir una situaci\u00f3n muy complicada que dej\u00f3 la cuarentena, hoy Mar del Plata es el principal lugar tur\u00edstico de la Argentina\u201d y se\u00f1al\u00f3 que \u201cestamos trabajando muy fuerte para romper la estacionalidad para que esta ciudad tenga turismo todo el a\u00f1o. En los \u00faltimos 12 meses, nos visitaron 600 mil turistas por mes, y ten\u00edamos como meta llegar a 8 millones de turistas en este 2022 y lo estamos superando holgadamente gracias a las estrategias dise\u00f1adas y el relevamiento de datos e informaci\u00f3n\u201d.<\/p>\n<p><strong>Asistieron los diputados nacionales :<\/strong>Juan Manuel L\u00f3pez, M\u00f3nica Frade, Mariana Stilman, Victoria Borrego, Leonor Mart\u00ednez Villada; el concejal de la Matanza y ex diputado nacional H\u00e9ctor \u201cToty\u201d Flores; los concejales marplatenses Liliana Gonzalorena y Angelica Gonz\u00e1lez; el diputado provincial Luciano Bugallo; la ex diputada nacional y titular de la CC ARI de Santa Fe, Lucila Lehmann; el legislador porte\u00f1o Hern\u00e1n Reyes y la directora del Instituto de Vivienda de la Ciudad, Fernanda Reyes. Tambi\u00e9n estuvieron presentes los diputados provinciales Karina Montecinos (Neuqu\u00e9n) y Sebasti\u00e1n Julierac (Santa Fe), y los concejales de la provincia de Buenos Aires: Jorge Villalba (Lomas de Zamora), Rodrigo Esponda (Jun\u00edn), Marita Ardoiun (Miramar) y Santiago Echevarrieta (San Mart\u00edn); referentes de Corrientes como la concejal Gabriela Gauna, entre otros. El encuentro se realiz\u00f3 en el Centro Scout de Mar del Plata, donde los principales referentes de la CC ARI abordaron la educaci\u00f3n, la innovaci\u00f3n, el trabajo y la producci\u00f3n. Esta fue la \u00faltima actividad partidaria previo al Congreso Federal de la CC ARI previsto para el pr\u00f3ximo 2 de diciembre, en el cual se renovar\u00e1n las autoridades nacionales.<\/p>\n<p>Durante la jornada se desarroll\u00f3 la Masterclass de Educaci\u00f3n y pol\u00edticas sociales: Construcci\u00f3n de ciudadan\u00eda, donde expusieron Cecilia Veleda, doctora en sociolog\u00eda de la educaci\u00f3n, ex directora ejecutiva del instituto nacional de formaci\u00f3n docente; Mariano Palamidessi, doctor en educaci\u00f3n, rector de la Universidad de la Ciudad de Bs As; Gustavo Gamallo, doctor en ciencias sociales e investigador UBA, cofundador y codirector UBA Social; Maximiliano Ferraro, H\u00e9ctor Flores y Fernanda Reyes.<\/p>\n<p>Tambi\u00e9n se ofreci\u00f3 una Masterclass de Producci\u00f3n, Campo, trabajo e innovaci\u00f3n: Desarrollo para el futuro con Bernardo Martinez, presidente de ATICMA (Asociaci\u00f3n de tecnolog\u00eda de la informaci\u00f3n y comunicaci\u00f3n de Mar del Plata); Fernando Vilela, profesor de C\u00e1tedra de Agronegocios y director de Programa de Bioeconomia, Facultad de Agronom\u00eda UBA; M\u00f3nica Frade; Hern\u00e1n Reyes y Bernardo Martin.<\/p>\n<p>Luego se realizaron talleres tem\u00e1ticos de educaci\u00f3n, pol\u00edticas sociales, producci\u00f3n y mirada local. Esta tercera edici\u00f3n de la Caravana C\u00edvica se enmarca en una actividad partidaria que se realiz\u00f3 por primera vez el 21 y 22 de mayo en la ciudad de Corrientes donde tuvo lugar el Encuentro por el Ambiente. La segunda parada fue el 27 y 28 de agosto, cuando la Caravana se traslad\u00f3 a C\u00f3rdoba a la ciudad de Alta Gracia para trabajar, debatir y reflexionar sobre Justicia, Transparencia y Reforma Pol\u00edtica.<\/p>\n","protected":false},"excerpt":{"rendered":"<p>Los m\u00e1ximos referentes de la CC ARI se reunieron el pasado s\u00e0bado en Mar del Plata durante una actividad partidaria, donde plantearon la necesidad de \u201cponer toda la energ\u00eda en consolidar la unidad de JxC y construir amistad pol\u00edtica\u201d, aseguraron que \u201cla provincia de Buenos Aires debe ser parte de un proyecto nacional\u201d y afirmaron [&hellip;]<\/p>\n","protected":false},"author":2,"featured_media":40936,"comment_status":"open","ping_status":"open","sticky":false,"template":"","format":"standard","meta":{"_et_pb_use_builder":"","_et_pb_old_content":"","_et_gb_content_width":"","footnotes":""},"categories":[34,13],"tags":[],"class_list":["post-40935","post","type-post","status-publish","format-standard","has-post-thumbnail","hentry","category-politica","category-provincia"],"_links":{"self":[{"href":"https:\/\/vocesdebaires.com.ar\/index.php\/wp-json\/wp\/v2\/posts\/40935"}],"collection":[{"href":"https:\/\/vocesdebaires.com.ar\/index.php\/wp-json\/wp\/v2\/posts"}],"about":[{"href":"https:\/\/vocesdebaires.com.ar\/index.php\/wp-json\/wp\/v2\/types\/post"}],"author":[{"embeddable":true,"href":"https:\/\/vocesdebaires.com.ar\/index.php\/wp-json\/wp\/v2\/users\/2"}],"replies":[{"embeddable":true,"href":"https:\/\/vocesdebaires.com.ar\/index.php\/wp-json\/wp\/v2\/comments?post=40935"}],"version-history":[{"count":3,"href":"https:\/\/vocesdebaires.com.ar\/index.php\/wp-json\/wp\/v2\/posts\/40935\/revisions"}],"predecessor-version":[{"id":40939,"href":"https:\/\/vocesdebaires.com.ar\/index.php\/wp-json\/wp\/v2\/posts\/40935\/revisions\/40939"}],"wp:featuredmedia":[{"embeddable":true,"href":"https:\/\/vocesdebaires.com.ar\/index.php\/wp-json\/wp\/v2\/media\/40936"}],"wp:attachment":[{"href":"https:\/\/vocesdebaires.com.ar\/index.php\/wp-json\/wp\/v2\/media?parent=40935"}],"wp:term":[{"taxonomy":"category","embeddable":true,"href":"https:\/\/vocesdebaires.com.ar\/index.php\/wp-json\/wp\/v2\/categories?post=40935"},{"taxonomy":"post_tag","embeddable":true,"href":"https:\/\/vocesdebaires.com.ar\/index.php\/wp-json\/wp\/v2\/tags?post=40935"}],"curies":[{"name":"wp","href":"https:\/\/api.w.org\/{rel}","templated":true}]}}