{"id":40940,"date":"2022-10-24T00:00:09","date_gmt":"2022-10-24T03:00:09","guid":{"rendered":"https:\/\/vocesdebaires.com.ar\/?p=40940"},"modified":"2022-10-23T15:24:44","modified_gmt":"2022-10-23T18:24:44","slug":"en-la-ciudadnueva-edicion-de-orgullojungla-libertades-deseadas","status":"publish","type":"post","link":"https:\/\/vocesdebaires.com.ar\/index.php\/2022\/10\/24\/en-la-ciudadnueva-edicion-de-orgullojungla-libertades-deseadas\/","title":{"rendered":"En la ciudad:Nueva edici\u00f3n de #OrgulloJungla \u201cLibertades deseadas\u201d"},"content":{"rendered":"<p>Jungla H\u00e1bitat Cultural realizar\u00e1 una nueva edici\u00f3n de Orgullo Jungla 2022 bajo el lema Libertades deseadas el viernes 28 de octubre a las 20 hs en Guardia Vieja 3580, Caba. El evento comenzar\u00e1 con la muestra colectiva y multidisciplinaria que re\u00fane obras de artistas pl\u00e1sticos, fot\u00f3grafos, dise\u00f1adores, ilustradores. Exhibir\u00e1n sus piezas: Gabriel Altamirano, Dalfi, GAN, HORNO (Horacio Abdala), Lisa Kerner, Agus Levecchi, Patricio Oliver, Piba poster y Pablo Tesoriere.<\/p>\n<p>Contaremos con la presencia del multifac\u00e9tico artista Carlos Casella. Y luego la fiesta seguir\u00e1 con un back to back de los DJ Fede Haro y Leo Mauri\u00f1o. Adem\u00e1s habr\u00e1 barra y pizzas de Scampia Pizzer\u00eda. La entrada es libre y gratuita. El objetivo de Jungla H\u00e1bitat Cultural es visibilizar las libertades deseadas: el amor, el sexo, el erotismo, el goce, el cuerpo, las familias en la edici\u00f3n 2022 del #OrgulloJungla. \u00abLa \u00fanica manera de lidiar con este mundo sin libertad es volverte tan absolutamente libre que tu mera existencia sea un acto de rebeli\u00f3n\u00bb, dijo Albert Camus.<\/p>\n<p>Las ediciones previas organizadas para la semana del Orgullo que se celebra en la Ciudad de Buenos Aires fueron: en el 2014 Semana del Orgullo en Jungla, 2015 Pre-Orgullo en la terraza, 2016 Jungla celebra el Orgullo, 2017 Celebramos el Orgullo \u201cVisibles\u201d, 2018 Jungla celebra el Orgullo y 2021 Orgullo Jungla \u201cFuturos diversos\u201d. En todas se cont\u00f3 con una importante participaci\u00f3n de activistas de diferentes colectivos y vecinos porte\u00f1os. Jungla es un espacio cultural abierto, heterog\u00e9neo, que desde hace 8 a\u00f1os impulsa la cultura en un sentido amplio y fomenta la creatividad.<\/p>\n","protected":false},"excerpt":{"rendered":"<p>Jungla H\u00e1bitat Cultural realizar\u00e1 una nueva edici\u00f3n de Orgullo Jungla 2022 bajo el lema Libertades deseadas el viernes 28 de octubre a las 20 hs en Guardia Vieja 3580, Caba. El evento comenzar\u00e1 con la muestra colectiva y multidisciplinaria que re\u00fane obras de artistas pl\u00e1sticos, fot\u00f3grafos, dise\u00f1adores, ilustradores. Exhibir\u00e1n sus piezas: Gabriel Altamirano, Dalfi, GAN, [&hellip;]<\/p>\n","protected":false},"author":2,"featured_media":40944,"comment_status":"open","ping_status":"open","sticky":false,"template":"","format":"standard","meta":{"_et_pb_use_builder":"","_et_pb_old_content":"","_et_gb_content_width":"","footnotes":""},"categories":[11,33],"tags":[],"class_list":["post-40940","post","type-post","status-publish","format-standard","has-post-thumbnail","hentry","category-ciudad","category-sociedad-y-cultura-2"],"_links":{"self":[{"href":"https:\/\/vocesdebaires.com.ar\/index.php\/wp-json\/wp\/v2\/posts\/40940"}],"collection":[{"href":"https:\/\/vocesdebaires.com.ar\/index.php\/wp-json\/wp\/v2\/posts"}],"about":[{"href":"https:\/\/vocesdebaires.com.ar\/index.php\/wp-json\/wp\/v2\/types\/post"}],"author":[{"embeddable":true,"href":"https:\/\/vocesdebaires.com.ar\/index.php\/wp-json\/wp\/v2\/users\/2"}],"replies":[{"embeddable":true,"href":"https:\/\/vocesdebaires.com.ar\/index.php\/wp-json\/wp\/v2\/comments?post=40940"}],"version-history":[{"count":1,"href":"https:\/\/vocesdebaires.com.ar\/index.php\/wp-json\/wp\/v2\/posts\/40940\/revisions"}],"predecessor-version":[{"id":40943,"href":"https:\/\/vocesdebaires.com.ar\/index.php\/wp-json\/wp\/v2\/posts\/40940\/revisions\/40943"}],"wp:featuredmedia":[{"embeddable":true,"href":"https:\/\/vocesdebaires.com.ar\/index.php\/wp-json\/wp\/v2\/media\/40944"}],"wp:attachment":[{"href":"https:\/\/vocesdebaires.com.ar\/index.php\/wp-json\/wp\/v2\/media?parent=40940"}],"wp:term":[{"taxonomy":"category","embeddable":true,"href":"https:\/\/vocesdebaires.com.ar\/index.php\/wp-json\/wp\/v2\/categories?post=40940"},{"taxonomy":"post_tag","embeddable":true,"href":"https:\/\/vocesdebaires.com.ar\/index.php\/wp-json\/wp\/v2\/tags?post=40940"}],"curies":[{"name":"wp","href":"https:\/\/api.w.org\/{rel}","templated":true}]}}