{"id":40945,"date":"2022-10-24T00:00:30","date_gmt":"2022-10-24T03:00:30","guid":{"rendered":"https:\/\/vocesdebaires.com.ar\/?p=40945"},"modified":"2022-10-23T15:29:58","modified_gmt":"2022-10-23T18:29:58","slug":"c40500-personas-participaron-en-el-congreso-de-economia-social","status":"publish","type":"post","link":"https:\/\/vocesdebaires.com.ar\/index.php\/2022\/10\/24\/c40500-personas-participaron-en-el-congreso-de-economia-social\/","title":{"rendered":"C40:500 personas participaron en el Congreso de Econom\u00eda Social"},"content":{"rendered":"<p>En el marco de la Cumbre Mundial de Alcaldes de C40, la Ministra de Desarrollo Humano y H\u00e1bitat, Maria Migliore, y el presidente del Banco Ciudad, Guillermo Laje, encabezaron la apertura del Congreso de Econom\u00eda Social \u201cCompras con Valor\u201d, que se realiz\u00f3 el pasado jueves en la Legislatura de la Ciudad Aut\u00f3noma de Buenos Aires. El evento, en el que participaron numerosos emprendedores e integrantes de cooperativas de los distintos rubros de la econom\u00eda social, tuvo como objetivo posibilitar instancias de reflexi\u00f3n y de di\u00e1logo entre los actores participantes, y solidificar el conocimiento y las relaciones para impulsar procesos de compra sostenible.<\/p>\n<p>Adem\u00e1s, se busc\u00f3 identificar y debatir sobre los principales desaf\u00edos, problem\u00e1ticas centrales y estrategias sobre la compra sostenible, as\u00ed como tambi\u00e9n articular acciones comunes para mejorar los instrumentos y mecanismos para su implementaci\u00f3n. \u201cLa mejor pol\u00edtica social es el trabajo. Hoy m\u00e1s que nunca es necesario pensar la pol\u00edtica social desde la producci\u00f3n y el trabajo, para que realmente sea un motor de desarrollo y de oportunidades. Desde la Ciudad, trabajamos para desatar el potencial productivo de la econom\u00eda social y popular e integrarla al ecosistema econ\u00f3mico existente.<\/p>\n<p>No queremos dos econom\u00edas. Dos mundos separados. Queremos un solo sistema que tenga menos barreras para el sector popular. Una econom\u00eda que integre y permita que todos los actores productivos aporten su valor y puedan crecer\u201d, afirm\u00f3 Mar\u00eda Migliore, quien valor\u00f3 tambi\u00e9n el espacio del Congreso en el C40. En tanto, Guillermo Laje destac\u00f3: \u201cDesde el Banco Ciudad acompa\u00f1amos con educaci\u00f3n y servicios financieros, junto con l\u00edneas crediticias espec\u00edficas para cooperativas y microemprendedores que potencian la producci\u00f3n y la competitividad, promoviendo la inclusi\u00f3n de sectores a los cuales le resulta dificultoso el acceso al cr\u00e9dito.<\/p>\n<p>Trabajamos para colaborar activamente con el crecimiento e integraci\u00f3n de estos emprendimientos de la econom\u00eda popular al entramado productivo de la Ciudad y sus cadenas de valor, que van de la mano con la creaci\u00f3n de nuevos puestos de trabajo\u201d. La apertura del evento estuvo a cargo de Bel\u00e9n Barretto, subsecretaria de Desarrollo de Potencial Humano del Ministerio de Desarrollo Humano y H\u00e1bitat de CABA, quien estuvo acompa\u00f1ada por Gast\u00f3n Rossi, director del Banco Ciudad, y Claudio Romero, legislador de la Ciudad de Buenos Aires.<\/p>\n<p>La agenda del Congreso de Econom\u00eda social estuvo compuesta por las siguientes actividades: pol\u00edtica social para el desarrollo y el rol del Estado; compras con valor p\u00fablica, empresarial y cooperativa; desaf\u00edos y oportunidades para la compra con valor en Argentina; repaso de casos de compras con impacto; mesa debate por tipo de organizaci\u00f3n (privada, p\u00fablica y unidades productivas. Sobre el cierre las conclusiones estuvieron vinculadas a establecer compromisos concretos para promover compras con Valor Popular. Adem\u00e1s, el congreso cont\u00f3 con un espacio de exposici\u00f3n y promoci\u00f3n de productos de la Econom\u00eda Social, y de informaci\u00f3n sobre las herramientas y programas que promueve el Gobierno de la Ciudad para acompa\u00f1ar esta integraci\u00f3n.<\/p>\n","protected":false},"excerpt":{"rendered":"<p>En el marco de la Cumbre Mundial de Alcaldes de C40, la Ministra de Desarrollo Humano y H\u00e1bitat, Maria Migliore, y el presidente del Banco Ciudad, Guillermo Laje, encabezaron la apertura del Congreso de Econom\u00eda Social \u201cCompras con Valor\u201d, que se realiz\u00f3 el pasado jueves en la Legislatura de la Ciudad Aut\u00f3noma de Buenos Aires. [&hellip;]<\/p>\n","protected":false},"author":2,"featured_media":40946,"comment_status":"open","ping_status":"open","sticky":false,"template":"","format":"standard","meta":{"_et_pb_use_builder":"","_et_pb_old_content":"","_et_gb_content_width":"","footnotes":""},"categories":[11,33],"tags":[],"class_list":["post-40945","post","type-post","status-publish","format-standard","has-post-thumbnail","hentry","category-ciudad","category-sociedad-y-cultura-2"],"_links":{"self":[{"href":"https:\/\/vocesdebaires.com.ar\/index.php\/wp-json\/wp\/v2\/posts\/40945"}],"collection":[{"href":"https:\/\/vocesdebaires.com.ar\/index.php\/wp-json\/wp\/v2\/posts"}],"about":[{"href":"https:\/\/vocesdebaires.com.ar\/index.php\/wp-json\/wp\/v2\/types\/post"}],"author":[{"embeddable":true,"href":"https:\/\/vocesdebaires.com.ar\/index.php\/wp-json\/wp\/v2\/users\/2"}],"replies":[{"embeddable":true,"href":"https:\/\/vocesdebaires.com.ar\/index.php\/wp-json\/wp\/v2\/comments?post=40945"}],"version-history":[{"count":1,"href":"https:\/\/vocesdebaires.com.ar\/index.php\/wp-json\/wp\/v2\/posts\/40945\/revisions"}],"predecessor-version":[{"id":40947,"href":"https:\/\/vocesdebaires.com.ar\/index.php\/wp-json\/wp\/v2\/posts\/40945\/revisions\/40947"}],"wp:featuredmedia":[{"embeddable":true,"href":"https:\/\/vocesdebaires.com.ar\/index.php\/wp-json\/wp\/v2\/media\/40946"}],"wp:attachment":[{"href":"https:\/\/vocesdebaires.com.ar\/index.php\/wp-json\/wp\/v2\/media?parent=40945"}],"wp:term":[{"taxonomy":"category","embeddable":true,"href":"https:\/\/vocesdebaires.com.ar\/index.php\/wp-json\/wp\/v2\/categories?post=40945"},{"taxonomy":"post_tag","embeddable":true,"href":"https:\/\/vocesdebaires.com.ar\/index.php\/wp-json\/wp\/v2\/tags?post=40945"}],"curies":[{"name":"wp","href":"https:\/\/api.w.org\/{rel}","templated":true}]}}