{"id":40948,"date":"2022-10-24T00:00:39","date_gmt":"2022-10-24T03:00:39","guid":{"rendered":"https:\/\/vocesdebaires.com.ar\/?p=40948"},"modified":"2022-10-23T15:47:28","modified_gmt":"2022-10-23T18:47:28","slug":"el-diputado-diego-santilli-recorrio-la-matanza-junto-a-diego-valenzuela","status":"publish","type":"post","link":"https:\/\/vocesdebaires.com.ar\/index.php\/2022\/10\/24\/el-diputado-diego-santilli-recorrio-la-matanza-junto-a-diego-valenzuela\/","title":{"rendered":"El diputado Diego Santilli recorri\u00f3 La Matanza junto a Diego Valenzuela"},"content":{"rendered":"<p>El diputado nacional de Juntos Diego Santilli recorri\u00f3 el pasado viernes La Matanza acompa\u00f1ado por el intendente de Tres de Febrero, Diego Valenzuela. La jornada, que se extendi\u00f3 durante m\u00e1s de diez horas, incluy\u00f3 encuentros con vecinos, visitas a comercios de la zona y reuniones con empresarios, entre otras actividades.\u201cEl modelo y el relato kirchnerista est\u00e1 terminando. La gente no da m\u00e1s. Tenemos la responsabilidad y la oportunidad hist\u00f3rica de ganar La Matanza. Siento muchas ganas de la gente de salir de tantos a\u00f1os de frustraci\u00f3n, mentiras y populismo berreta\u201d, dijo Santilli sobre su recorrida durante La Matanza.<\/p>\n<p>La jornada comenz\u00f3 en Gonz\u00e1lez Cat\u00e1n, con una visita a la Iglesia Nueva Vida de Cristo. Luego, Santilli se dirigi\u00f3 junto al concejal Toty Flores al Metrob\u00fas de Gregorio de Laferrere, donde escuch\u00f3 las quejas de los vecinos por el estado de abandono total que presentan las instalaciones. Los principales reclamos hicieron referencia a la falta de mantenimiento, la basura que se acumula, los locales cerrados y los ba\u00f1os clausurados.<\/p>\n<p>El itinerario sigui\u00f3 en Ciudad Evita, acompa\u00f1ado por el concejal Jorge Lampa. All\u00ed, los funcionarios realizaron un recorrido a bordo de los \u201ccolectivos truchos\u201d, la \u00fanica opci\u00f3n que tienen para viajar quienes viven en zonas del Conurbano donde las l\u00edneas de colectivos legales no llegan. En el Barrio Luj\u00e1n de Gregorio de Laferrere, el \u201cColo\u201d y Diego Valenzuela almorzaron pollo y papas junto a vecinos y choferes de remises de la zona.<\/p>\n<p>El intendente de Tres de Febrero relat\u00f3 la recorrida con el acompa\u00f1amiento de Santilli. \u201cMe alegra que a cada lugar que vamos encontramos ganas de laburar, de superarse; hay cultura del trabajo. En La Matanza visitamos una panificadora de 120 empleados que le meten con todo, que a pesar de las trabas que tienen cada d\u00eda no paran de producir\u201d. Sobre el 2023 y los desaf\u00edos electorales que se vienen, expres\u00f3: \u201cLa provincia necesita de un plan claro que derribe de una vez por todas la cultura de la improvisaci\u00f3n y del abandono, y que le garantice seguridad y certidumbre a cada bonaerense que quiera salir adelante y laburar\u201d.<\/p>\n<p>M\u00e1s tarde, se sum\u00f3 a la comitiva el concejal Lalo Creus y visitaron en Lomas del Mirador la PyME Pauna, una f\u00e1brica industria de productos de pasteler\u00eda y gastronom\u00eda que comercializa sus productos en la Argentina y tambi\u00e9n exporta a toda Am\u00e9rica y el Caribe. La extensa jornada del \u201cColo\u201d en La Matanza finaliz\u00f3 con una caminata y un caf\u00e9 con vecinos de San Justo, acompa\u00f1ados por el dirigente de Juntos Hern\u00e1n Berisso.<\/p>\n","protected":false},"excerpt":{"rendered":"<p>El diputado nacional de Juntos Diego Santilli recorri\u00f3 el pasado viernes La Matanza acompa\u00f1ado por el intendente de Tres de Febrero, Diego Valenzuela. La jornada, que se extendi\u00f3 durante m\u00e1s de diez horas, incluy\u00f3 encuentros con vecinos, visitas a comercios de la zona y reuniones con empresarios, entre otras actividades.\u201cEl modelo y el relato kirchnerista [&hellip;]<\/p>\n","protected":false},"author":2,"featured_media":40949,"comment_status":"open","ping_status":"open","sticky":false,"template":"","format":"standard","meta":{"_et_pb_use_builder":"","_et_pb_old_content":"","_et_gb_content_width":"","footnotes":""},"categories":[34,13],"tags":[],"class_list":["post-40948","post","type-post","status-publish","format-standard","has-post-thumbnail","hentry","category-politica","category-provincia"],"_links":{"self":[{"href":"https:\/\/vocesdebaires.com.ar\/index.php\/wp-json\/wp\/v2\/posts\/40948"}],"collection":[{"href":"https:\/\/vocesdebaires.com.ar\/index.php\/wp-json\/wp\/v2\/posts"}],"about":[{"href":"https:\/\/vocesdebaires.com.ar\/index.php\/wp-json\/wp\/v2\/types\/post"}],"author":[{"embeddable":true,"href":"https:\/\/vocesdebaires.com.ar\/index.php\/wp-json\/wp\/v2\/users\/2"}],"replies":[{"embeddable":true,"href":"https:\/\/vocesdebaires.com.ar\/index.php\/wp-json\/wp\/v2\/comments?post=40948"}],"version-history":[{"count":1,"href":"https:\/\/vocesdebaires.com.ar\/index.php\/wp-json\/wp\/v2\/posts\/40948\/revisions"}],"predecessor-version":[{"id":40950,"href":"https:\/\/vocesdebaires.com.ar\/index.php\/wp-json\/wp\/v2\/posts\/40948\/revisions\/40950"}],"wp:featuredmedia":[{"embeddable":true,"href":"https:\/\/vocesdebaires.com.ar\/index.php\/wp-json\/wp\/v2\/media\/40949"}],"wp:attachment":[{"href":"https:\/\/vocesdebaires.com.ar\/index.php\/wp-json\/wp\/v2\/media?parent=40948"}],"wp:term":[{"taxonomy":"category","embeddable":true,"href":"https:\/\/vocesdebaires.com.ar\/index.php\/wp-json\/wp\/v2\/categories?post=40948"},{"taxonomy":"post_tag","embeddable":true,"href":"https:\/\/vocesdebaires.com.ar\/index.php\/wp-json\/wp\/v2\/tags?post=40948"}],"curies":[{"name":"wp","href":"https:\/\/api.w.org\/{rel}","templated":true}]}}