{"id":40951,"date":"2022-10-24T00:00:56","date_gmt":"2022-10-24T03:00:56","guid":{"rendered":"https:\/\/vocesdebaires.com.ar\/?p=40951"},"modified":"2022-10-23T15:51:06","modified_gmt":"2022-10-23T18:51:06","slug":"la-ciudadla-noche-de-los-museosmas-de-900-000-personas-disfrutaron","status":"publish","type":"post","link":"https:\/\/vocesdebaires.com.ar\/index.php\/2022\/10\/24\/la-ciudadla-noche-de-los-museosmas-de-900-000-personas-disfrutaron\/","title":{"rendered":"La ciudad:La Noche de los Museos,m\u00e1s de 900.000 personas disfrutaron"},"content":{"rendered":"<p>M\u00e1s de 900.000 personas disfrutaron de la Noche de los Museos en 270 espacios p\u00fablicos y privados que abrieron sus puertas. Hubo exhibiciones y actividades de 19 a 2 horas relacionadas al arte y la naturaleza, situaci\u00f3n clim\u00e1tica, medioambiente y sustentabilidad, apoyando la concientizaci\u00f3n con los temas que trabaj\u00f3 la Cumbre de C40. La 18\u00b0 edici\u00f3n de La Noche de los Museos se realiz\u00f3 enfocada en los temas abordados por la Cumbre Global de Alcaldes de C40, un encuentro que reuni\u00f3 a representantes de todo el mundo que trabajan sobre el rol de los gobiernos locales para enfrentar el cambio clim\u00e1tico.<\/p>\n<p>Un momento de celebraci\u00f3n en el que los museos, edificios emblem\u00e1ticos y espacios culturales de todas las comunas abrieron sus puertas en horario no habitual, de manera gratuita con una programaci\u00f3n especialmente pensada poniendo foco en la problem\u00e1tica ambiental, clim\u00e1tica y el cuidado de la ecolog\u00eda para que vecinos y turistas participaran activamente y reflexionen.<br \/>\nFueron siete horas en las que se pudo vivir y respirar la cultura porte\u00f1a, como en ning\u00fan otro momento del a\u00f1o.<\/p>\n<p>Cr\u00e9ditos: GCBA \/ Magdalena Ahmar Dakno, Mauro Alfieri y Alberto Raggio.<\/p>\n","protected":false},"excerpt":{"rendered":"<p>M\u00e1s de 900.000 personas disfrutaron de la Noche de los Museos en 270 espacios p\u00fablicos y privados que abrieron sus puertas. Hubo exhibiciones y actividades de 19 a 2 horas relacionadas al arte y la naturaleza, situaci\u00f3n clim\u00e1tica, medioambiente y sustentabilidad, apoyando la concientizaci\u00f3n con los temas que trabaj\u00f3 la Cumbre de C40. La 18\u00b0 [&hellip;]<\/p>\n","protected":false},"author":2,"featured_media":40952,"comment_status":"open","ping_status":"open","sticky":false,"template":"","format":"standard","meta":{"_et_pb_use_builder":"","_et_pb_old_content":"","_et_gb_content_width":"","footnotes":""},"categories":[11,33],"tags":[],"class_list":["post-40951","post","type-post","status-publish","format-standard","has-post-thumbnail","hentry","category-ciudad","category-sociedad-y-cultura-2"],"_links":{"self":[{"href":"https:\/\/vocesdebaires.com.ar\/index.php\/wp-json\/wp\/v2\/posts\/40951"}],"collection":[{"href":"https:\/\/vocesdebaires.com.ar\/index.php\/wp-json\/wp\/v2\/posts"}],"about":[{"href":"https:\/\/vocesdebaires.com.ar\/index.php\/wp-json\/wp\/v2\/types\/post"}],"author":[{"embeddable":true,"href":"https:\/\/vocesdebaires.com.ar\/index.php\/wp-json\/wp\/v2\/users\/2"}],"replies":[{"embeddable":true,"href":"https:\/\/vocesdebaires.com.ar\/index.php\/wp-json\/wp\/v2\/comments?post=40951"}],"version-history":[{"count":1,"href":"https:\/\/vocesdebaires.com.ar\/index.php\/wp-json\/wp\/v2\/posts\/40951\/revisions"}],"predecessor-version":[{"id":40953,"href":"https:\/\/vocesdebaires.com.ar\/index.php\/wp-json\/wp\/v2\/posts\/40951\/revisions\/40953"}],"wp:featuredmedia":[{"embeddable":true,"href":"https:\/\/vocesdebaires.com.ar\/index.php\/wp-json\/wp\/v2\/media\/40952"}],"wp:attachment":[{"href":"https:\/\/vocesdebaires.com.ar\/index.php\/wp-json\/wp\/v2\/media?parent=40951"}],"wp:term":[{"taxonomy":"category","embeddable":true,"href":"https:\/\/vocesdebaires.com.ar\/index.php\/wp-json\/wp\/v2\/categories?post=40951"},{"taxonomy":"post_tag","embeddable":true,"href":"https:\/\/vocesdebaires.com.ar\/index.php\/wp-json\/wp\/v2\/tags?post=40951"}],"curies":[{"name":"wp","href":"https:\/\/api.w.org\/{rel}","templated":true}]}}