{"id":40966,"date":"2022-10-25T00:00:10","date_gmt":"2022-10-25T03:00:10","guid":{"rendered":"https:\/\/vocesdebaires.com.ar\/?p=40966"},"modified":"2022-10-24T23:39:18","modified_gmt":"2022-10-25T02:39:18","slug":"la-ciudadfue-distinguida-por-prevenir-las-violencias-de-genero","status":"publish","type":"post","link":"https:\/\/vocesdebaires.com.ar\/index.php\/2022\/10\/25\/la-ciudadfue-distinguida-por-prevenir-las-violencias-de-genero\/","title":{"rendered":"La Ciudad:Fue Distinguida por prevenir las violencias de g\u00e9nero"},"content":{"rendered":"<p>La Direcci\u00f3n General de la Mujer del Ministerio de Desarrollo Humano y H\u00e1bitat de la Ciudad de Buenos Aires recibi\u00f3 un reconocimiento especial por el \u201cPrograma de abordaje territorial de las violencias por motivo de g\u00e9nero en barrios populares\u201d. El galard\u00f3n se dio en el marco de la VI Cumbre Iberoamericana de Agendas Locales de G\u00e9nero, realizada entre los d\u00edas 18 y 21 de octubre en Santa Coloma de Gramenet (Espa\u00f1a).<\/p>\n<p>Esta Cumbre propone intercambiar reflexiones, vivencias, preguntas, logros, y tambi\u00e9n retos y obst\u00e1culos en torno al logro de la igualdad efectiva entre mujeres y hombres en el \u00e1mbito local. All\u00ed, las administraciones p\u00fablicas, asociaciones, universidades, agencias de cooperaci\u00f3n y personas en particular comparten sus experiencias, estudios e investigaciones, su conocimiento y su creatividad para fomentar la incorporaci\u00f3n del enfoque de g\u00e9nero en las agendas p\u00fablicas locales mediante la concienciaci\u00f3n social y el compromiso pol\u00edtico con la igualdad sustantiva.<\/p>\n<p>La Directora General de la Mujer, Carolina Barone, expres\u00f3: \u201cDesde el gobierno de la Ciudad estamos muy felices de recibir este reconocimiento en un evento donde se encontraban las m\u00e1ximas autoridades de organismos que luchan para erradicar y prevenir las violencias por motivos de g\u00e9nero\u201d y destac\u00f3 que \u201cesta distinci\u00f3n nos llena de energ\u00eda para seguir adelante y duplicar esfuerzos\u201d.<\/p>\n<p>A su vez, desde la Direcci\u00f3n que forma parte de la Subsecretaria de Fortalecimiento Personal, Familiar y Comunitario destacaron que desde que se implement\u00f3 el programa hace un a\u00f1o, ya est\u00e1n presentes en 8 barrios populares de la Ciudad, donde realizaron 1.150 admisiones y m\u00e1s de 25.000 prestaciones. El evento fue coorganizado por la entidad de las Naciones Unidas dedicada a promover la igualdad de g\u00e9nero y el empoderamiento de las mujeres &#8211; ONU Mujeres, la Secretar\u00eda General Iberoamericana (SEGIB), el Programa de Naciones Unidas para el Desarrollo (PNUD) y la Comisi\u00f3n Interamericana de Mujeres (CIM-OEA).<\/p>\n","protected":false},"excerpt":{"rendered":"<p>La Direcci\u00f3n General de la Mujer del Ministerio de Desarrollo Humano y H\u00e1bitat de la Ciudad de Buenos Aires recibi\u00f3 un reconocimiento especial por el \u201cPrograma de abordaje territorial de las violencias por motivo de g\u00e9nero en barrios populares\u201d. El galard\u00f3n se dio en el marco de la VI Cumbre Iberoamericana de Agendas Locales de [&hellip;]<\/p>\n","protected":false},"author":2,"featured_media":40967,"comment_status":"open","ping_status":"open","sticky":false,"template":"","format":"standard","meta":{"_et_pb_use_builder":"","_et_pb_old_content":"","_et_gb_content_width":"","footnotes":""},"categories":[11,33],"tags":[],"class_list":["post-40966","post","type-post","status-publish","format-standard","has-post-thumbnail","hentry","category-ciudad","category-sociedad-y-cultura-2"],"_links":{"self":[{"href":"https:\/\/vocesdebaires.com.ar\/index.php\/wp-json\/wp\/v2\/posts\/40966"}],"collection":[{"href":"https:\/\/vocesdebaires.com.ar\/index.php\/wp-json\/wp\/v2\/posts"}],"about":[{"href":"https:\/\/vocesdebaires.com.ar\/index.php\/wp-json\/wp\/v2\/types\/post"}],"author":[{"embeddable":true,"href":"https:\/\/vocesdebaires.com.ar\/index.php\/wp-json\/wp\/v2\/users\/2"}],"replies":[{"embeddable":true,"href":"https:\/\/vocesdebaires.com.ar\/index.php\/wp-json\/wp\/v2\/comments?post=40966"}],"version-history":[{"count":1,"href":"https:\/\/vocesdebaires.com.ar\/index.php\/wp-json\/wp\/v2\/posts\/40966\/revisions"}],"predecessor-version":[{"id":40968,"href":"https:\/\/vocesdebaires.com.ar\/index.php\/wp-json\/wp\/v2\/posts\/40966\/revisions\/40968"}],"wp:featuredmedia":[{"embeddable":true,"href":"https:\/\/vocesdebaires.com.ar\/index.php\/wp-json\/wp\/v2\/media\/40967"}],"wp:attachment":[{"href":"https:\/\/vocesdebaires.com.ar\/index.php\/wp-json\/wp\/v2\/media?parent=40966"}],"wp:term":[{"taxonomy":"category","embeddable":true,"href":"https:\/\/vocesdebaires.com.ar\/index.php\/wp-json\/wp\/v2\/categories?post=40966"},{"taxonomy":"post_tag","embeddable":true,"href":"https:\/\/vocesdebaires.com.ar\/index.php\/wp-json\/wp\/v2\/tags?post=40966"}],"curies":[{"name":"wp","href":"https:\/\/api.w.org\/{rel}","templated":true}]}}