{"id":40973,"date":"2022-10-25T00:14:56","date_gmt":"2022-10-25T03:14:56","guid":{"rendered":"https:\/\/vocesdebaires.com.ar\/?p=40973"},"modified":"2022-10-25T00:17:30","modified_gmt":"2022-10-25T03:17:30","slug":"ciudadabordaje-territorial-de-las-violencias-de-genero-en-barrios-populares","status":"publish","type":"post","link":"https:\/\/vocesdebaires.com.ar\/index.php\/2022\/10\/25\/ciudadabordaje-territorial-de-las-violencias-de-genero-en-barrios-populares\/","title":{"rendered":"Abordaje Territorial de las Violencias de G\u00e9nero en barrios populares"},"content":{"rendered":"<p>Los Dispositivos de Abordaje Territorial de las Violencias de G\u00e9nero (DATVdG) llevan adelante intervenciones comunitarias que favorecen la Prevenci\u00f3n, Detecci\u00f3n, Orientaci\u00f3n, Abordaje y Seguimiento de las situaciones de violencias por razones de g\u00e9nero en los Barrios Populares de la Ciudad Aut\u00f3noma de Buenos Aires. Los mismos surgen luego de un diagn\u00f3stico exhaustivo de los distintos Barrios y un an\u00e1lisis de los resultados obtenidos en las Mesas de G\u00e9nero que se llevaron adelante durante el a\u00f1o 2020 en contexto de ASPO.<\/p>\n<p>El abordaje del Programa se realiza a trav\u00e9s de una tr\u00edada interdisciplinaria conformada por una Abogada, una Trabajadora Social y una Psic\u00f3loga. Luego de la entrevista en la cual se realiza la evaluaci\u00f3n de riesgo, se decide el curso a seguir de acuerdo a las derivaciones efectuadas. Se realiza el seguimiento de las intervenciones con las personas y con los organismos a los que se efect\u00fae una derivaci\u00f3n. Asimismo, se explican los canales de denuncia y se ofrecen todos los mecanismos disponibles desde el Estado para la restituci\u00f3n de derechos.<\/p>\n<p>En este sentido, la Direcci\u00f3n General de la Mujer suscribi\u00f3 un convenio con el Ministerio P\u00fablico Fiscal de la Ciudad de Buenos Aires, para que cada Dispositivo cuente con el acompa\u00f1amiento de UNA (01) persona de ese Organismo, que facilitar\u00e1 la pertinente judicializaci\u00f3n, en la jurisdicci\u00f3n correspondiente, de la denuncia de los casos que se presenten y gestionar\u00e1 medidas de protecci\u00f3n de ser necesario.<\/p>\n<p><strong>Linea 144:<\/strong><br \/>\nFunciona las 24 horas, los 365 d\u00edas del a\u00f1o garantizando as\u00ed la cobertura permanente. Es una l\u00ednea gratuita y confidencial de contenci\u00f3n y asesoramiento tanto para mujeres que est\u00e9n atravesando situaciones de violencia por motivos de g\u00e9nero, como vecinos, familiares o conocidos de las mismas que llamen para asesorarse sobre su m\u00e9todo de actuaci\u00f3n para estas situaciones.<\/p>\n<p>La l\u00ednea es atendida por operadoras profesionales especializadas en la tem\u00e1tica de violencia por motivos de g\u00e9nero; tanto psic\u00f3logas, como abogadas y trabajadoras sociales. En caso de emergencias y riesgo de vida, desde la l\u00ednea 144 se har\u00e1 la derivaci\u00f3n al 911 o al organismo correspondiente. En el 2018 la Ciudad firm\u00f3 un convenio con el INAM para la apertura de un centro propio de atenci\u00f3n de llamadas de la L\u00ednea 144, que se integrar\u00eda al \u201c0800 mujer\u201d preexistente.<\/p>\n<p>Desde entonces la central propia est\u00e1 encapsulada en la l\u00ednea 144 Nacional, pero la Ciudad sigue contando con operadoras dependientes del GCBA y sistema de registro de llamadas propio, para atender los casos de CABA y derivar a otras centrales cuando son de otros distritos. En Mayo 2020 se habilit\u00f3 la posibilidad de contactar al 144 a trav\u00e9s de la l\u00ednea de WhatsApp de la Ciudad \u201cBoti &#8211; WhatsApp 144\u201d. Este sistema permite mantener la confidencialidad de la mujer, que puede chatear con una operadora para asesoramiento o acompa\u00f1amiento o bien pedir que se de alerta al 911.<\/p>\n","protected":false},"excerpt":{"rendered":"<p>Los Dispositivos de Abordaje Territorial de las Violencias de G\u00e9nero (DATVdG) llevan adelante intervenciones comunitarias que favorecen la Prevenci\u00f3n, Detecci\u00f3n, Orientaci\u00f3n, Abordaje y Seguimiento de las situaciones de violencias por razones de g\u00e9nero en los Barrios Populares de la Ciudad Aut\u00f3noma de Buenos Aires. Los mismos surgen luego de un diagn\u00f3stico exhaustivo de los distintos [&hellip;]<\/p>\n","protected":false},"author":2,"featured_media":40974,"comment_status":"open","ping_status":"open","sticky":false,"template":"","format":"standard","meta":{"_et_pb_use_builder":"","_et_pb_old_content":"","_et_gb_content_width":"","footnotes":""},"categories":[11,33],"tags":[],"class_list":["post-40973","post","type-post","status-publish","format-standard","has-post-thumbnail","hentry","category-ciudad","category-sociedad-y-cultura-2"],"_links":{"self":[{"href":"https:\/\/vocesdebaires.com.ar\/index.php\/wp-json\/wp\/v2\/posts\/40973"}],"collection":[{"href":"https:\/\/vocesdebaires.com.ar\/index.php\/wp-json\/wp\/v2\/posts"}],"about":[{"href":"https:\/\/vocesdebaires.com.ar\/index.php\/wp-json\/wp\/v2\/types\/post"}],"author":[{"embeddable":true,"href":"https:\/\/vocesdebaires.com.ar\/index.php\/wp-json\/wp\/v2\/users\/2"}],"replies":[{"embeddable":true,"href":"https:\/\/vocesdebaires.com.ar\/index.php\/wp-json\/wp\/v2\/comments?post=40973"}],"version-history":[{"count":2,"href":"https:\/\/vocesdebaires.com.ar\/index.php\/wp-json\/wp\/v2\/posts\/40973\/revisions"}],"predecessor-version":[{"id":40976,"href":"https:\/\/vocesdebaires.com.ar\/index.php\/wp-json\/wp\/v2\/posts\/40973\/revisions\/40976"}],"wp:featuredmedia":[{"embeddable":true,"href":"https:\/\/vocesdebaires.com.ar\/index.php\/wp-json\/wp\/v2\/media\/40974"}],"wp:attachment":[{"href":"https:\/\/vocesdebaires.com.ar\/index.php\/wp-json\/wp\/v2\/media?parent=40973"}],"wp:term":[{"taxonomy":"category","embeddable":true,"href":"https:\/\/vocesdebaires.com.ar\/index.php\/wp-json\/wp\/v2\/categories?post=40973"},{"taxonomy":"post_tag","embeddable":true,"href":"https:\/\/vocesdebaires.com.ar\/index.php\/wp-json\/wp\/v2\/tags?post=40973"}],"curies":[{"name":"wp","href":"https:\/\/api.w.org\/{rel}","templated":true}]}}