{"id":40982,"date":"2022-10-25T00:32:17","date_gmt":"2022-10-25T03:32:17","guid":{"rendered":"https:\/\/vocesdebaires.com.ar\/?p=40982"},"modified":"2022-10-25T00:34:38","modified_gmt":"2022-10-25T03:34:38","slug":"larreta-y-acunaencuentro-con-alumnos-para-su-capacitacion-al-mundo-laboral","status":"publish","type":"post","link":"https:\/\/vocesdebaires.com.ar\/index.php\/2022\/10\/25\/larreta-y-acunaencuentro-con-alumnos-para-su-capacitacion-al-mundo-laboral\/","title":{"rendered":"Larreta y Acu\u00f1a:Con alumnos y capacitaci\u00f3n al mundo laboral"},"content":{"rendered":"<p>El jefe de Gobierno porte\u00f1o, Horacio Rodr\u00edguez Larreta, y la ministra de Educaci\u00f3n, Soledad Acu\u00f1a, se entrevistaron con alumnos del Colegio N\u00ba 05 D.E. 02 Bartolom\u00e9 Mitre que est\u00e1n realizando las pr\u00e1cticas educativas que impulsa la Ciudad. El encuentro se llev\u00f3 a cabo en ManpowerGroup, una empresa l\u00edder en consultor\u00eda de Recursos Humanos. Entre las actividades a desarrollar, aparecen: relevamiento de perfil para entender las necesidades del cliente, intercambio de ideas, simulaci\u00f3n de entrevistas, capacitaciones para planificar estrategias, armado de CV y elaboraci\u00f3n de perfiles.<\/p>\n<p>\u201cLa educaci\u00f3n tiene que ser un puente al futuro, nunca una variable de ajuste. Nosotros tenemos claro que la prioridad de la Argentina que viene tiene que ser la educaci\u00f3n. Y lo estamos demostrando en la Ciudad, donde gracias a las pr\u00e1cticas educativas los chicos se vinculan al mundo del trabajo, como los 20 estudiantes ac\u00e1 en ManpowerGroup. La educaci\u00f3n es la verdadera igualadora de oportunidades. Vamos a defenderla siempre\u201d, destac\u00f3 Rodr\u00edguez Larreta.<\/p>\n<p>Las pr\u00e1cticas tienen 120 horas del dise\u00f1o curricular, m\u00e1s otras 30 horas de educaci\u00f3n financiera y habilidades blandas para la empleabilidad. Permitir\u00e1n desarrollar nuevas capacidades, tomar decisiones con autonom\u00eda, estimular la creatividad, el pensamiento cr\u00edtico y el potencial de trabajo en equipo. Acu\u00f1a, en tanto, plante\u00f3: \u00abNuestro objetivo es que los j\u00f3venes vuelvan a recuperar su lugar en el mundo del trabajo y para eso necesitan tener las herramientas y habilidades que se demandan en lo laboral. Estas pr\u00e1cticas apuntan a eso: a que los estudiantes egresen de la escuela preparados para su pr\u00f3xima etapa en la vida. Para que puedan elegir con libertad y construir su propio futuro\u00bb.<\/p>\n<p>Fotos:Juan Cruz Corrado \/ GCBA<\/p>\n","protected":false},"excerpt":{"rendered":"<p>El jefe de Gobierno porte\u00f1o, Horacio Rodr\u00edguez Larreta, y la ministra de Educaci\u00f3n, Soledad Acu\u00f1a, se entrevistaron con alumnos del Colegio N\u00ba 05 D.E. 02 Bartolom\u00e9 Mitre que est\u00e1n realizando las pr\u00e1cticas educativas que impulsa la Ciudad. El encuentro se llev\u00f3 a cabo en ManpowerGroup, una empresa l\u00edder en consultor\u00eda de Recursos Humanos. Entre las [&hellip;]<\/p>\n","protected":false},"author":2,"featured_media":40983,"comment_status":"open","ping_status":"open","sticky":false,"template":"","format":"standard","meta":{"_et_pb_use_builder":"","_et_pb_old_content":"","_et_gb_content_width":"","footnotes":""},"categories":[11,33],"tags":[],"class_list":["post-40982","post","type-post","status-publish","format-standard","has-post-thumbnail","hentry","category-ciudad","category-sociedad-y-cultura-2"],"_links":{"self":[{"href":"https:\/\/vocesdebaires.com.ar\/index.php\/wp-json\/wp\/v2\/posts\/40982"}],"collection":[{"href":"https:\/\/vocesdebaires.com.ar\/index.php\/wp-json\/wp\/v2\/posts"}],"about":[{"href":"https:\/\/vocesdebaires.com.ar\/index.php\/wp-json\/wp\/v2\/types\/post"}],"author":[{"embeddable":true,"href":"https:\/\/vocesdebaires.com.ar\/index.php\/wp-json\/wp\/v2\/users\/2"}],"replies":[{"embeddable":true,"href":"https:\/\/vocesdebaires.com.ar\/index.php\/wp-json\/wp\/v2\/comments?post=40982"}],"version-history":[{"count":3,"href":"https:\/\/vocesdebaires.com.ar\/index.php\/wp-json\/wp\/v2\/posts\/40982\/revisions"}],"predecessor-version":[{"id":40986,"href":"https:\/\/vocesdebaires.com.ar\/index.php\/wp-json\/wp\/v2\/posts\/40982\/revisions\/40986"}],"wp:featuredmedia":[{"embeddable":true,"href":"https:\/\/vocesdebaires.com.ar\/index.php\/wp-json\/wp\/v2\/media\/40983"}],"wp:attachment":[{"href":"https:\/\/vocesdebaires.com.ar\/index.php\/wp-json\/wp\/v2\/media?parent=40982"}],"wp:term":[{"taxonomy":"category","embeddable":true,"href":"https:\/\/vocesdebaires.com.ar\/index.php\/wp-json\/wp\/v2\/categories?post=40982"},{"taxonomy":"post_tag","embeddable":true,"href":"https:\/\/vocesdebaires.com.ar\/index.php\/wp-json\/wp\/v2\/tags?post=40982"}],"curies":[{"name":"wp","href":"https:\/\/api.w.org\/{rel}","templated":true}]}}