{"id":40991,"date":"2022-10-26T12:59:09","date_gmt":"2022-10-26T15:59:09","guid":{"rendered":"https:\/\/vocesdebaires.com.ar\/?p=40991"},"modified":"2022-10-26T12:59:09","modified_gmt":"2022-10-26T15:59:09","slug":"amia-y-daia-recibieron-la-visita-de-congresistas-de-los-estados-unidos","status":"publish","type":"post","link":"https:\/\/vocesdebaires.com.ar\/index.php\/2022\/10\/26\/amia-y-daia-recibieron-la-visita-de-congresistas-de-los-estados-unidos\/","title":{"rendered":"AMIA y DAIA recibieron la visita de congresistas de los Estados Unidos"},"content":{"rendered":"<p>Encabezada por el senador Robert Menendez, y acompa\u00f1ada por el embajador de los Estados Unidos en la Argentina, Marc Stanley, una nutrida delegaci\u00f3n de congresistas de ese pa\u00eds visit\u00f3, ayer, la sede de Pasteur 633, donde fue recibida por las autoridades de AMIA y DAIA. Al llegar al edificio para mantener el encuentro protocolar, la delegaci\u00f3n recorri\u00f3 la plaza seca donde se encuentra el monumento del artista israel\u00ed Yaacov Agam, que recuerda a las v\u00edctimas del atentado terrorista perpetrado el 18 de julio de 1994.<\/p>\n<p>Los representantes del Senado estadounidense colocaron una ofrenda floral debajo de la placa que contiene los nombres de las 85 personas que fueron asesinadas en el ataque y se encendi\u00f3 una vela como sentido homenaje. En la reuni\u00f3n, los congresistas se interiorizaron sobre los temas de inter\u00e9s de la comunidad jud\u00eda en la Argentina, y por el curso de las investigaciones sobre los ataques terroristas perpetrados contra la Embajada de Israel y contra la sede de la AMIA, causas con las que se solidarizaron y expresaron su compromiso en la b\u00fasqueda de verdad y justicia. Tambi\u00e9n se abordaron ejes vinculados con la lucha contra el terrorismo internacional a nivel global.<\/p>\n<p>En la visita, el senador Robert Menendez les entreg\u00f3 al presidente de AMIA, Amos Linetzky, y al presidente de DAIA, Jorge Knoblovits, un cuadro con la imagen de la Resoluci\u00f3n N\u00b0 277 (2019), en la que el Senado de los Estados Unidos manifest\u00f3 su compromiso con el pedido de justicia, cuando se cumpli\u00f3 el 25\u00b0 aniversario del ataque terrorista contra la sede de Pasteur 633.<br \/>\nAdem\u00e1s de por el senador Menendez, la delegaci\u00f3n estuvo integrada por los congresistas Rob Portman, Ben Cardin, Richard Burr, Ben Sasse, Dami\u00e1n Murphy, Brandon Yoder, Rob Kelly, Mike Jones y Mike Levine.<\/p>\n","protected":false},"excerpt":{"rendered":"<p>Encabezada por el senador Robert Menendez, y acompa\u00f1ada por el embajador de los Estados Unidos en la Argentina, Marc Stanley, una nutrida delegaci\u00f3n de congresistas de ese pa\u00eds visit\u00f3, ayer, la sede de Pasteur 633, donde fue recibida por las autoridades de AMIA y DAIA. Al llegar al edificio para mantener el encuentro protocolar, la [&hellip;]<\/p>\n","protected":false},"author":2,"featured_media":40992,"comment_status":"open","ping_status":"open","sticky":false,"template":"","format":"standard","meta":{"_et_pb_use_builder":"","_et_pb_old_content":"","_et_gb_content_width":"","footnotes":""},"categories":[11,33],"tags":[],"class_list":["post-40991","post","type-post","status-publish","format-standard","has-post-thumbnail","hentry","category-ciudad","category-sociedad-y-cultura-2"],"_links":{"self":[{"href":"https:\/\/vocesdebaires.com.ar\/index.php\/wp-json\/wp\/v2\/posts\/40991"}],"collection":[{"href":"https:\/\/vocesdebaires.com.ar\/index.php\/wp-json\/wp\/v2\/posts"}],"about":[{"href":"https:\/\/vocesdebaires.com.ar\/index.php\/wp-json\/wp\/v2\/types\/post"}],"author":[{"embeddable":true,"href":"https:\/\/vocesdebaires.com.ar\/index.php\/wp-json\/wp\/v2\/users\/2"}],"replies":[{"embeddable":true,"href":"https:\/\/vocesdebaires.com.ar\/index.php\/wp-json\/wp\/v2\/comments?post=40991"}],"version-history":[{"count":1,"href":"https:\/\/vocesdebaires.com.ar\/index.php\/wp-json\/wp\/v2\/posts\/40991\/revisions"}],"predecessor-version":[{"id":40993,"href":"https:\/\/vocesdebaires.com.ar\/index.php\/wp-json\/wp\/v2\/posts\/40991\/revisions\/40993"}],"wp:featuredmedia":[{"embeddable":true,"href":"https:\/\/vocesdebaires.com.ar\/index.php\/wp-json\/wp\/v2\/media\/40992"}],"wp:attachment":[{"href":"https:\/\/vocesdebaires.com.ar\/index.php\/wp-json\/wp\/v2\/media?parent=40991"}],"wp:term":[{"taxonomy":"category","embeddable":true,"href":"https:\/\/vocesdebaires.com.ar\/index.php\/wp-json\/wp\/v2\/categories?post=40991"},{"taxonomy":"post_tag","embeddable":true,"href":"https:\/\/vocesdebaires.com.ar\/index.php\/wp-json\/wp\/v2\/tags?post=40991"}],"curies":[{"name":"wp","href":"https:\/\/api.w.org\/{rel}","templated":true}]}}