{"id":41011,"date":"2022-10-27T00:00:11","date_gmt":"2022-10-27T03:00:11","guid":{"rendered":"https:\/\/vocesdebaires.com.ar\/?p=41011"},"modified":"2022-10-26T23:53:53","modified_gmt":"2022-10-27T02:53:53","slug":"en-el-teatro-colon-se-colocaron-el-100-de-lamparas-led","status":"publish","type":"post","link":"https:\/\/vocesdebaires.com.ar\/index.php\/2022\/10\/27\/en-el-teatro-colon-se-colocaron-el-100-de-lamparas-led\/","title":{"rendered":"En el Teatro Col\u00f3n se colocaron el 100% de lamparas LED"},"content":{"rendered":"<p>Entre el 19 y 21 de octubre, en la Ciudad de Buenos Aires se realiz\u00f3 la Cumbre de Alcaldes de C40 que reuni\u00f3 a m\u00e1s de 100 alcaldes, delegados internacionales, intendentes locales, fil\u00e1ntropos, j\u00f3venes y reconocidos expertos, para discutir acerca del cambio clim\u00e1tico, sus efectos y el rol de los gobiernos locales en la lucha para enfrentarlo. Uno de los eventos que se realizaron en el marco de la Cumbre, fue en el emblem\u00e1tico Teatro Col\u00f3n, donde se llev\u00f3 a cabo un acto simb\u00f3lico de recambio de luminarias de la ara\u00f1a principal del Teatro, que cuenta con 552 l\u00e1mparas, en el que particip\u00f3 el Jefe de Gobierno porte\u00f1o, Horacio Rodriguez Larreta, junto a los alcaldes.<\/p>\n<p>Este acto fue el \u00faltimo paso para completar el hito, completando as\u00ed el recambio de 7.136 luminarias en todo el edificio. Gracias a este cambio, el ahorro anual que generar\u00e1 el Teatro es de 1.977.570 kWh, que implicar\u00e1 que 763,5 tnCO2 se eviten emitir a la atm\u00f3sfera. Este hito es parte del Programa de Recambio de Luminarias en Edificios P\u00fablicos que lleva adelante la Agencia de Protecci\u00f3n Ambiental desde el a\u00f1o 2017. A trav\u00e9s del mismo, se busca optimizar el consumo en iluminaci\u00f3n en los edificios gubernamentales para que, a trav\u00e9s del ejemplo, se logre la propagaci\u00f3n y asimilaci\u00f3n por parte de toda la sociedad de medidas que promuevan la eficiencia energ\u00e9tica. De esta forma, se pretende reducir el consumo de energ\u00eda y la emisi\u00f3n de di\u00f3xido de carbono en la Ciudad.<\/p>\n","protected":false},"excerpt":{"rendered":"<p>Entre el 19 y 21 de octubre, en la Ciudad de Buenos Aires se realiz\u00f3 la Cumbre de Alcaldes de C40 que reuni\u00f3 a m\u00e1s de 100 alcaldes, delegados internacionales, intendentes locales, fil\u00e1ntropos, j\u00f3venes y reconocidos expertos, para discutir acerca del cambio clim\u00e1tico, sus efectos y el rol de los gobiernos locales en la lucha [&hellip;]<\/p>\n","protected":false},"author":2,"featured_media":41012,"comment_status":"open","ping_status":"open","sticky":false,"template":"","format":"standard","meta":{"_et_pb_use_builder":"","_et_pb_old_content":"","_et_gb_content_width":"","footnotes":""},"categories":[11,33],"tags":[],"class_list":["post-41011","post","type-post","status-publish","format-standard","has-post-thumbnail","hentry","category-ciudad","category-sociedad-y-cultura-2"],"_links":{"self":[{"href":"https:\/\/vocesdebaires.com.ar\/index.php\/wp-json\/wp\/v2\/posts\/41011"}],"collection":[{"href":"https:\/\/vocesdebaires.com.ar\/index.php\/wp-json\/wp\/v2\/posts"}],"about":[{"href":"https:\/\/vocesdebaires.com.ar\/index.php\/wp-json\/wp\/v2\/types\/post"}],"author":[{"embeddable":true,"href":"https:\/\/vocesdebaires.com.ar\/index.php\/wp-json\/wp\/v2\/users\/2"}],"replies":[{"embeddable":true,"href":"https:\/\/vocesdebaires.com.ar\/index.php\/wp-json\/wp\/v2\/comments?post=41011"}],"version-history":[{"count":1,"href":"https:\/\/vocesdebaires.com.ar\/index.php\/wp-json\/wp\/v2\/posts\/41011\/revisions"}],"predecessor-version":[{"id":41013,"href":"https:\/\/vocesdebaires.com.ar\/index.php\/wp-json\/wp\/v2\/posts\/41011\/revisions\/41013"}],"wp:featuredmedia":[{"embeddable":true,"href":"https:\/\/vocesdebaires.com.ar\/index.php\/wp-json\/wp\/v2\/media\/41012"}],"wp:attachment":[{"href":"https:\/\/vocesdebaires.com.ar\/index.php\/wp-json\/wp\/v2\/media?parent=41011"}],"wp:term":[{"taxonomy":"category","embeddable":true,"href":"https:\/\/vocesdebaires.com.ar\/index.php\/wp-json\/wp\/v2\/categories?post=41011"},{"taxonomy":"post_tag","embeddable":true,"href":"https:\/\/vocesdebaires.com.ar\/index.php\/wp-json\/wp\/v2\/tags?post=41011"}],"curies":[{"name":"wp","href":"https:\/\/api.w.org\/{rel}","templated":true}]}}