{"id":41014,"date":"2022-10-27T00:04:55","date_gmt":"2022-10-27T03:04:55","guid":{"rendered":"https:\/\/vocesdebaires.com.ar\/?p=41014"},"modified":"2022-10-27T00:06:30","modified_gmt":"2022-10-27T03:06:30","slug":"se-presenta-el-17-festival-internacional-de-cine-judio-en-la-argentina","status":"publish","type":"post","link":"https:\/\/vocesdebaires.com.ar\/index.php\/2022\/10\/27\/se-presenta-el-17-festival-internacional-de-cine-judio-en-la-argentina\/","title":{"rendered":"Ciudad: 17\u00b0 Festival Internacional de Cine Jud\u00edo en la Argentina"},"content":{"rendered":"<p>Doce pel\u00edculas presentar\u00e1 el 17\u00ba Festival Internacional de Cine Jud\u00edo en la Argentina (FICJA), que se llevar\u00e1 a cabo hoy jueves 27 de octubre hasta el 2 de noviembre en el Cinemark Palermo (Bulnes y Beruti). Luego de dos a\u00f1os de interrupci\u00f3n debido a la pandemia, el Festival vuelve con su tradicional modelo presencial, con filmes en estreno absoluto para las pantallas argentinas&#8230; con una excepci\u00f3n. Doce son tambi\u00e9n los pa\u00edses involucrados en la producci\u00f3n de las pel\u00edculas: Alemania, Argentina, Austria, B\u00e9lgica, Brasil, Canad\u00e1, Estados Unidos, Francia, Hungr\u00eda, Reino Unido, Suiza y, obviamente, Israel.<\/p>\n<p>Como en las ediciones anteriores, se ofrece una selecci\u00f3n tem\u00e1ticamente variada, con el com\u00fan denominador de su contenido jud\u00edo. Este a\u00f1o, el FICJA contar\u00e1 con la presencia de un director proveniente de Israel para presentar su filme y dialogar con el p\u00fablico al t\u00e9rmino de las proyecciones. Se trata del argentino Jorge Gurvich, radicado en el Estado jud\u00edo hace m\u00e1s de 40 a\u00f1os, quien es el responsable de Regreso a Maracan\u00e1. La excepci\u00f3n mencionada m\u00e1s arriba alude a la pel\u00edcula La casa de Wannsee, de la realizadora Poli Mart\u00ednez Kapl\u00fan. La carrera local de este filme, premiado en el Festival de Cine Jud\u00edo de Miami, se vio interrumpida debido a la pandemia, por lo cual el FICJA ha decidido ofrec\u00e9rselo a su p\u00fablico, con la chance adicional de dialogar con la directora.<\/p>\n<p><strong>Proyecciones: D\u00edas y Horarios<\/strong><br \/>\nAqu\u00ed est\u00e1n los horarios de proyecci\u00f3n de toda la semana del Festival. El Festival Internacional de Cine Jud\u00edo en la Argentina (FICJA) se llevar\u00e1 a cabo en el Cinemark Palermo (Bulnes y Berutti) del 27 de octubre al 2 de noviembre. En su 17a edici\u00f3n volver\u00e1 a brindarle al p\u00fablico estrenos absolutos en el pa\u00eds.<\/p>\n<p><strong>Jueves 27 de octubre<\/strong><br \/>\n13.00 hs.: El Padre, EL HIJO Y EL SALVADOR PERDIDO<br \/>\n15.15 hs.: LAS FLORES DEL PASADO<br \/>\n17.55 hs.: FOXTROT<br \/>\n20.20 hs.: LA CASA DE WANNSEE, con la presencia de su directora, Poli Mart\u00ednez Kapl\u00fan<br \/>\n22.30 hs.: REFUGIO<\/p>\n<p><strong>Viernes 28 de octubre<\/strong><br \/>\n13.20 hs.: RESISTENCIA<br \/>\n15.55 hs.: REFUGIO<br \/>\n18.05 hs.: LAS FLORES DEL PASADO<br \/>\n20.40 hs.: CRESCENDO<br \/>\n22.50 hs.: RESISTENCIA<\/p>\n<p><strong>S\u00e0bado 29 de octubre<\/strong><br \/>\n13.30 hs.: TRAUTMANN<br \/>\n16.05 hs.: LA CANCI\u00d3N DE LOS NOMBRES<br \/>\n18.35 hs.: REFUGIO<br \/>\n20.40 hs.: REGRESO A MARACAN\u00c1, con la presencia de su director, Jorge Gurvich, proveniente de Israel<br \/>\n23.10 hs.: EL HOMBRE DEL CORAZ\u00d3N DE HIERRO<\/p>\n<p><strong>Domingo 30 de octubre<\/strong><br \/>\n13.10 hs.: RESISTENCIA<br \/>\n15.40 hs.: EL BUEN SOLDADO<br \/>\n17.20 hs.: EL HOMBRE DEL CORAZ\u00d3N DE HIERRO<br \/>\n19.55 hs.: LAS FLORES DEL PASADO<br \/>\n22.30 hs.: CRESCENDO<\/p>\n<p><strong>Lunes 31 de octubre<\/strong><br \/>\n13.10 hs.: SHAMIR. Guerra, Paz y un Sue\u00f1o<br \/>\n15.10 hs.: CRESCENDO<br \/>\n17.25 hs.: FOXTROT<br \/>\n19.50 hs.: TRAUTMANN<br \/>\n22.20 hs.: EL PADRE, EL HIJO Y EL SALVADOR PERDIDO<\/p>\n<p>Martes 1\u00b0 de noviembre<br \/>\n12.35 hs.: FOXTROT<br \/>\n15.05 hs.: LA CANCI\u00d3N DE LOS NOMBRES<br \/>\n17.30 hs.: REGRESO A MARACAN\u00c1, con la presencia de su director, Jorge Gurvich, proveniente de Israel<br \/>\n20.00 hs.: RESISTENCIA<br \/>\n22.30 hs.: TRAUTMANN<\/p>\n<p><strong>Mi\u00e9rcoles 2 de noviembre<\/strong><br \/>\n12.35 hs.: REFUGIO<br \/>\n14.40 hs.: EL PADRE, EL HIJO Y EL SALVADOR PERDIDO<br \/>\n16.50 hs.: EL BUEN SOLDADO<br \/>\n18.35 hs.: LA CANCI\u00d3N DE LOS NOMBRES<br \/>\n21.00 hs.: SHAMIR. Guerra, Paz y un Sue\u00f1o<br \/>\n23.00 hs.: EL HOMBRE DEL CORAZ\u00d3N DE HIERRO<\/p>\n","protected":false},"excerpt":{"rendered":"<p>Doce pel\u00edculas presentar\u00e1 el 17\u00ba Festival Internacional de Cine Jud\u00edo en la Argentina (FICJA), que se llevar\u00e1 a cabo hoy jueves 27 de octubre hasta el 2 de noviembre en el Cinemark Palermo (Bulnes y Beruti). Luego de dos a\u00f1os de interrupci\u00f3n debido a la pandemia, el Festival vuelve con su tradicional modelo presencial, con [&hellip;]<\/p>\n","protected":false},"author":2,"featured_media":41015,"comment_status":"open","ping_status":"open","sticky":false,"template":"","format":"standard","meta":{"_et_pb_use_builder":"","_et_pb_old_content":"","_et_gb_content_width":"","footnotes":""},"categories":[11,33],"tags":[],"class_list":["post-41014","post","type-post","status-publish","format-standard","has-post-thumbnail","hentry","category-ciudad","category-sociedad-y-cultura-2"],"_links":{"self":[{"href":"https:\/\/vocesdebaires.com.ar\/index.php\/wp-json\/wp\/v2\/posts\/41014"}],"collection":[{"href":"https:\/\/vocesdebaires.com.ar\/index.php\/wp-json\/wp\/v2\/posts"}],"about":[{"href":"https:\/\/vocesdebaires.com.ar\/index.php\/wp-json\/wp\/v2\/types\/post"}],"author":[{"embeddable":true,"href":"https:\/\/vocesdebaires.com.ar\/index.php\/wp-json\/wp\/v2\/users\/2"}],"replies":[{"embeddable":true,"href":"https:\/\/vocesdebaires.com.ar\/index.php\/wp-json\/wp\/v2\/comments?post=41014"}],"version-history":[{"count":2,"href":"https:\/\/vocesdebaires.com.ar\/index.php\/wp-json\/wp\/v2\/posts\/41014\/revisions"}],"predecessor-version":[{"id":41017,"href":"https:\/\/vocesdebaires.com.ar\/index.php\/wp-json\/wp\/v2\/posts\/41014\/revisions\/41017"}],"wp:featuredmedia":[{"embeddable":true,"href":"https:\/\/vocesdebaires.com.ar\/index.php\/wp-json\/wp\/v2\/media\/41015"}],"wp:attachment":[{"href":"https:\/\/vocesdebaires.com.ar\/index.php\/wp-json\/wp\/v2\/media?parent=41014"}],"wp:term":[{"taxonomy":"category","embeddable":true,"href":"https:\/\/vocesdebaires.com.ar\/index.php\/wp-json\/wp\/v2\/categories?post=41014"},{"taxonomy":"post_tag","embeddable":true,"href":"https:\/\/vocesdebaires.com.ar\/index.php\/wp-json\/wp\/v2\/tags?post=41014"}],"curies":[{"name":"wp","href":"https:\/\/api.w.org\/{rel}","templated":true}]}}