{"id":4102,"date":"2019-01-07T03:00:00","date_gmt":"2019-01-07T06:00:00","guid":{"rendered":"http:\/\/vocesdebaires.com.ar\/wordpress\/index.php\/2019\/01\/07\/un-tarifazo-injusto-e-inconstitucional\/"},"modified":"2019-01-07T03:00:00","modified_gmt":"2019-01-07T06:00:00","slug":"un-tarifazo-injusto-e-inconstitucional","status":"publish","type":"post","link":"https:\/\/vocesdebaires.com.ar\/index.php\/2019\/01\/07\/un-tarifazo-injusto-e-inconstitucional\/","title":{"rendered":"Un Tarifazo injusto e inconstitucional"},"content":{"rendered":"<p>El sacrificio frente a esta crisis s\u00f3lo lo soporta un sector de la sociedad y pone en riesgo la capacidad econ\u00f3mica de las familias para acceder a bienes m\u00ednimos para una vida digna. S\u00f3lo sufren el ajuste las familias, las peque\u00f1as empresas y las organizaciones comunitarias mientras las empresas del sector energ\u00e9tico y del sector financiero siguen ganando miles de millones de pesos por a\u00f1o.<br \/>Tenemos un sistema energ\u00e9tico, un mercado de alimentos y un mercado inmobiliario dolarizado o que establece los precios internos de acuerdo a los precios internacionales, mientras el ingreso familiar en pesos va detr\u00e1s de la inflaci\u00f3n y ya no alcanza para afrontar los constantes aumentos de los alquileres, los alimentos y los servicios p\u00fablicos.Por esto la devaluaci\u00f3n del tipo de cambio en vez de generar competitividad produce una inflaci\u00f3n de los precios internos que ahoga la econom\u00eda familiar y de las peque\u00f1as y medianas empresas.Los aumentos en las tarifas proyectados incluso quedar\u00e1n muy por encima de la inflaci\u00f3n que el propio Gobierno estima en alrededor del 23% para el 2019.La pol\u00edtica del derrame nunca ha funcionado. Ahora estamos repitiendo la misma historia c\u00edclica de la Argentina.<\/p>\n<p>Para atraer inversiones Cambiemos garantiza la rentabilidad en d\u00f3lares de las empresas que generan energ\u00eda mientras la ciudadan\u00eda tanto por la inflaci\u00f3n como por la devaluaci\u00f3n tiene que hacer el sacrificio de pagar los aumentos de las tarifas para garantizar los beneficios en d\u00f3lares de estas empresas. Esto es incomprensible cuando las cuencas hidrocarbur\u00edferas de la Argentina se encuentran entre las m\u00e1s grandes del mundo. Desde inicio del a\u00f1o 2016 los incrementos acumulados de los servicios p\u00fablicos domiciliarios fueron, en promedio, del 2.057% en gas natural, de 1.491% en energ\u00eda el\u00e9ctrica y de casi un 1.000% en el servicio de agua potable.\u00a0 En cambio, las \u00faltimas cifras oficiales publicadas por el Indec informan de una ca\u00edda interanual del 12,4% del salario en el sector privado y del 13,2% en el sector p\u00fablico. En comparaci\u00f3n con octubre de 2015 el retroceso fue del 14,9% en el sector privado y del 18,5% en el sector p\u00fablico.<\/p>\n<p>Por otra parte, Estad\u00edsticas de la CABA informa que el \u00edndice de precios al Consumidor en el 2018 fue de 46,8 %(Inflaci\u00f3n) mientras el ingreso total familiar s\u00f3lo increment\u00f3 un 27,3%. El costo para acceso a los servicios p\u00fablicos domiciliarios pasaron de representar un 6 % del salario m\u00ednimo al 23 %. En Europa se considera que una familia est\u00e1 en situaci\u00f3n de pobreza energ\u00e9tica si el 10% de sus ingresos es destinado al pago de los servicios p\u00fablicos. \u00bfCu\u00e1ntas familias destinan mucho m\u00e1s en Argentina para afrontar las tarifas? Para el colmo, el Estado Nacional ha provincializado los subsidios para las tarifas sociales determinando que cada provincia debe hacerse cargo a partir del 2019 del costo de las tarifas sociales, generando desigualdad y lav\u00e1ndose las manos de las consecuencias que esto pueda traer para la econom\u00eda en las provincias y en las familias.<\/p>\n<p>Tan es as\u00ed la despreocupaci\u00f3n por la suerte de las familias de los sectores populares que en plena implementaci\u00f3n de la provincializaci\u00f3n de las tarifas sociales todo el gabinete y el presidente se encuentran de vacaciones luego de aumentarse sus sueldos. Una \u00e9tica de funcionario p\u00fablico de muy baja intensidad. Las familias viven la incertidumbre y la angustia diaria por no tener los recursos econ\u00f3micos para comprar alimentos, pagar el alquiler, las expensas o abonar los servicios. Para esto se endeuda con las tarjetas de cr\u00e9dito a intereses usuarios. Parece que semejante penuria no es suficiente, las concesionarias de distribuci\u00f3n de energ\u00eda est\u00e1n amenazando a las familias con incorporarlas en el Veraz por sus deudas. No s\u00f3lo se contentan con cortarles el servicio sino tambi\u00e9n con perjudicar el cr\u00e9dito de las familias.<\/p>\n<p>La animosidad del mercado energ\u00e9tico que se siente poderoso por el aval del Estado Nacional que no pone ning\u00fan l\u00edmite. El hartazgo de la ciudadan\u00eda se expresa en la necesidad de salir a manifestarse y reclamar por el freno a este tarifazo, por eso la convocatoria este Viernes a las 20 hs. a un Ruidazo en decenas de esquinas de la Ciudad y a Nivel Nacional. Estamos indignados por\u00a0 el tarifazo, por el cierre de escuelas, profesorados y hospitales, de la corrupci\u00f3n del color pol\u00edtico que sea, por el endeudamiento, por la vuelta del FMI, por los negocios inmobiliarios y las privatizaciones, por la grieta que no permite que podamos discutir verdaderas soluciones que necesita la sociedad.<\/p>\n<p>El objetivo principal es frenar el Tarifazo pero tambi\u00e9n vamos por una reforma institucional que reconozca realmente la Democracia Participativa para romper con la ajenidad de la clase pol\u00edtica a las necesidades de la poblaci\u00f3n, para que no estemos constantemente pidiendo respuestas a nuestros representantes para no ser escuchados. Todos los habitantes tienen el derecho humano a acceder a un m\u00ednimo necesario de Energ\u00eda y a cada uno de los Servicios P\u00fablicos que les garantice el disfrute y goce de un h\u00e1bitat adecuado y de una vida digna, con independencia de sus capacidades econ\u00f3micas. No debe permitirse a ninguna concesionaria que corte el servicio por falta de dinero de una familia. La Energ\u00eda no es una mercanc\u00eda, es un Bien Social y acceder a ella, un Derecho Humano.<\/p>\n","protected":false},"excerpt":{"rendered":"<p>El sacrificio frente a esta crisis s\u00f3lo lo soporta un sector de la sociedad y pone en riesgo la capacidad econ\u00f3mica de las familias para acceder a bienes m\u00ednimos para una vida digna. S\u00f3lo sufren el ajuste las familias, las peque\u00f1as empresas y las organizaciones comunitarias mientras las empresas del sector energ\u00e9tico y del sector [&hellip;]<\/p>\n","protected":false},"author":1,"featured_media":4103,"comment_status":"open","ping_status":"open","sticky":false,"template":"","format":"standard","meta":{"_et_pb_use_builder":"","_et_pb_old_content":"","_et_gb_content_width":"","footnotes":""},"categories":[11,33],"tags":[],"class_list":["post-4102","post","type-post","status-publish","format-standard","has-post-thumbnail","hentry","category-ciudad","category-sociedad-y-cultura-2"],"_links":{"self":[{"href":"https:\/\/vocesdebaires.com.ar\/index.php\/wp-json\/wp\/v2\/posts\/4102"}],"collection":[{"href":"https:\/\/vocesdebaires.com.ar\/index.php\/wp-json\/wp\/v2\/posts"}],"about":[{"href":"https:\/\/vocesdebaires.com.ar\/index.php\/wp-json\/wp\/v2\/types\/post"}],"author":[{"embeddable":true,"href":"https:\/\/vocesdebaires.com.ar\/index.php\/wp-json\/wp\/v2\/users\/1"}],"replies":[{"embeddable":true,"href":"https:\/\/vocesdebaires.com.ar\/index.php\/wp-json\/wp\/v2\/comments?post=4102"}],"version-history":[{"count":0,"href":"https:\/\/vocesdebaires.com.ar\/index.php\/wp-json\/wp\/v2\/posts\/4102\/revisions"}],"wp:featuredmedia":[{"embeddable":true,"href":"https:\/\/vocesdebaires.com.ar\/index.php\/wp-json\/wp\/v2\/media\/4103"}],"wp:attachment":[{"href":"https:\/\/vocesdebaires.com.ar\/index.php\/wp-json\/wp\/v2\/media?parent=4102"}],"wp:term":[{"taxonomy":"category","embeddable":true,"href":"https:\/\/vocesdebaires.com.ar\/index.php\/wp-json\/wp\/v2\/categories?post=4102"},{"taxonomy":"post_tag","embeddable":true,"href":"https:\/\/vocesdebaires.com.ar\/index.php\/wp-json\/wp\/v2\/tags?post=4102"}],"curies":[{"name":"wp","href":"https:\/\/api.w.org\/{rel}","templated":true}]}}