{"id":41026,"date":"2022-10-28T00:00:03","date_gmt":"2022-10-28T03:00:03","guid":{"rendered":"https:\/\/vocesdebaires.com.ar\/?p=41026"},"modified":"2022-10-27T22:45:30","modified_gmt":"2022-10-28T01:45:30","slug":"ciudad-fernando-marin-recibio-el-diploma-de-personalidad-destacada","status":"publish","type":"post","link":"https:\/\/vocesdebaires.com.ar\/index.php\/2022\/10\/28\/ciudad-fernando-marin-recibio-el-diploma-de-personalidad-destacada\/","title":{"rendered":"Ciudad: Fernando Mar\u00edn recibi\u00f3 el diploma de Personalidad Destacada"},"content":{"rendered":"<p>En el sal\u00f3n Hip\u00f3lito Yrigoyen, la Legislatura declar\u00f3 como Personalidad Destacada en el \u00e1mbito de la Cultura al productor empresario Fernando Mar\u00edn. Encabez\u00f3 la actividad el vicepresidente 1\u00b0 e impulsor de la iniciativa legislador porte\u00f1o Emmanuel Ferrario, y participaron varias figuras del mundo empresarial, deportivo y period\u00edstico. Adem\u00e1s, el periodista Nelson Castro le realiz\u00f3 una entrevista al homenajeado en el escenario. Al comienzo, Ferrario dio la bienvenida y destac\u00f3 que el reconocimiento \u201ctrasciende la cultura\u201d. \u201cFernando es una persona que hizo enormes aportes a la industria cultural y dej\u00f3 su marca en pr\u00e1cticamente en todos los formatos que conocemos\u201d, agreg\u00f3 el vicepresidente.<\/p>\n<p>Y sentenci\u00f3 que todo su trabajo es \u201cen s\u00ed mismo un legado inmenso\u201d.Luego, Mar\u00edn tambi\u00e9n recibi\u00f3 un reconocimiento a su trayectoria. \u201cSiempre llev\u00e9 adentro m\u00edo una suerte de productor\u201d, coment\u00f3 y repas\u00f3 gran parte de su carrera. \u201cAmo a la juventud, amo la renovaci\u00f3n y esta renovaci\u00f3n tiene que estar en la pol\u00edtica, en la televisi\u00f3n, en la radio, en el cine y todo lo que sea medios de comunicaci\u00f3n\u201d, subray\u00f3 el empresario. Y confes\u00f3 que Videoshow y el Racing Campe\u00f3n del 2001 son su \u201cmarca registrada\u201d. En el final, Castro concluy\u00f3: \u201csu huella ha hecho camino y quienes por ella transitamos se lo agradecemos por siempre\u201d.<\/p>\n<p>Fernando Mar\u00edn tiene una extensa carrera dentro de los medios de comunicaci\u00f3n, donde cre\u00f3 el ciclo televisivo Mesa de noticias, produjo a Antonio Carrizo, Betty Elizalde y China Zorrilla, y descubri\u00f3 a Marcelo Longobardi como conductor. En el \u00e1mbito deportivo organiz\u00f3 muchas de las peleas del hist\u00f3rico boxeador Carlos Monz\u00f3n, produjo torneos internacionales de tenis y partidos de Copa Davis y organiz\u00f3 cert\u00e1menes de golf de los que hasta particip\u00f3 Diego Armando Maradona. Y en el plano art\u00edstico, trajo al pa\u00eds al legendario Roberto G\u00f3mez Bola\u00f1os.<\/p>\n","protected":false},"excerpt":{"rendered":"<p>En el sal\u00f3n Hip\u00f3lito Yrigoyen, la Legislatura declar\u00f3 como Personalidad Destacada en el \u00e1mbito de la Cultura al productor empresario Fernando Mar\u00edn. Encabez\u00f3 la actividad el vicepresidente 1\u00b0 e impulsor de la iniciativa legislador porte\u00f1o Emmanuel Ferrario, y participaron varias figuras del mundo empresarial, deportivo y period\u00edstico. Adem\u00e1s, el periodista Nelson Castro le realiz\u00f3 una [&hellip;]<\/p>\n","protected":false},"author":2,"featured_media":41027,"comment_status":"open","ping_status":"open","sticky":false,"template":"","format":"standard","meta":{"_et_pb_use_builder":"","_et_pb_old_content":"","_et_gb_content_width":"","footnotes":""},"categories":[11,33],"tags":[],"class_list":["post-41026","post","type-post","status-publish","format-standard","has-post-thumbnail","hentry","category-ciudad","category-sociedad-y-cultura-2"],"_links":{"self":[{"href":"https:\/\/vocesdebaires.com.ar\/index.php\/wp-json\/wp\/v2\/posts\/41026"}],"collection":[{"href":"https:\/\/vocesdebaires.com.ar\/index.php\/wp-json\/wp\/v2\/posts"}],"about":[{"href":"https:\/\/vocesdebaires.com.ar\/index.php\/wp-json\/wp\/v2\/types\/post"}],"author":[{"embeddable":true,"href":"https:\/\/vocesdebaires.com.ar\/index.php\/wp-json\/wp\/v2\/users\/2"}],"replies":[{"embeddable":true,"href":"https:\/\/vocesdebaires.com.ar\/index.php\/wp-json\/wp\/v2\/comments?post=41026"}],"version-history":[{"count":1,"href":"https:\/\/vocesdebaires.com.ar\/index.php\/wp-json\/wp\/v2\/posts\/41026\/revisions"}],"predecessor-version":[{"id":41028,"href":"https:\/\/vocesdebaires.com.ar\/index.php\/wp-json\/wp\/v2\/posts\/41026\/revisions\/41028"}],"wp:featuredmedia":[{"embeddable":true,"href":"https:\/\/vocesdebaires.com.ar\/index.php\/wp-json\/wp\/v2\/media\/41027"}],"wp:attachment":[{"href":"https:\/\/vocesdebaires.com.ar\/index.php\/wp-json\/wp\/v2\/media?parent=41026"}],"wp:term":[{"taxonomy":"category","embeddable":true,"href":"https:\/\/vocesdebaires.com.ar\/index.php\/wp-json\/wp\/v2\/categories?post=41026"},{"taxonomy":"post_tag","embeddable":true,"href":"https:\/\/vocesdebaires.com.ar\/index.php\/wp-json\/wp\/v2\/tags?post=41026"}],"curies":[{"name":"wp","href":"https:\/\/api.w.org\/{rel}","templated":true}]}}