{"id":41029,"date":"2022-10-28T00:00:12","date_gmt":"2022-10-28T03:00:12","guid":{"rendered":"https:\/\/vocesdebaires.com.ar\/?p=41029"},"modified":"2022-10-27T22:54:36","modified_gmt":"2022-10-28T01:54:36","slug":"legislatura-declaro-huesped-de-honor-al-rector-giovanni-molari","status":"publish","type":"post","link":"https:\/\/vocesdebaires.com.ar\/index.php\/2022\/10\/28\/legislatura-declaro-huesped-de-honor-al-rector-giovanni-molari\/","title":{"rendered":"Legislatura: Declar\u00f3 Hu\u00e9sped de honor al rector Giovanni Molari"},"content":{"rendered":"<p>El sal\u00f3n Eva Per\u00f3n fue el escenario que recibi\u00f3 al rector de la Universidad de Bologna Giovanni Molari, y donde fue declarado Hu\u00e9sped de Honor. Participaron del acto el vicepresidente 1\u00b0 de la Legislatura Emmanuel Ferrario, el Vicepresidente 3\u00b0 y legislador Roy Cortina, los legisladores porte\u00f1os Hern\u00e1n Reyes, Carolina Estebarena, Diego Garc\u00eda Vilas, Ana Mar\u00eda Bou P\u00e9rez, Claudio Romero y Luc\u00eda Romano. Al comienzo de la jornada, Ferrario destac\u00f3 la importancia de la educaci\u00f3n, la ciencia y la tecnolog\u00eda como \u201cherramientas necesarias\u201d para resolver grandes desaf\u00edos, como el cambio clim\u00e1tico. \u201cEs nuestro trabajo como legisladores justamente buscar nuevas oportunidades para construir lazos entre universidades\u201d, agreg\u00f3 el Vicepresidente 1\u00b0.<\/p>\n<p>En tanto que Cortina subray\u00f3 que es \u201cun honor recibir al rector de la universidad m\u00e1s antigua de Europa\u201d.Por su parte, Molari agradeci\u00f3 el recibimiento dentro del Palacio Ayerza. \u201cCon Argentina podr\u00eda haber muchos v\u00ednculos\u201d, remarc\u00f3 el ejecutivo italiano. Y destac\u00f3 que entre ambos pa\u00edses hay \u201cun entendimiento cultural\u201d. El origen de la Universidad de Bologna se remonta a 1088, una instituci\u00f3n casi milenaria y que es considerada como la m\u00e1s antigua del mundo occidental. A la cual tambi\u00e9n se la considera una piedra angular y un punto de referencia para la cultura europea. Entre sus estudiantes y profesores m\u00e1s famosos figuran Nicol\u00e1s Cop\u00e9rnico, Umberto Eco y Le\u00f3n Battista Alberti, entre muchos otros.<\/p>\n","protected":false},"excerpt":{"rendered":"<p>El sal\u00f3n Eva Per\u00f3n fue el escenario que recibi\u00f3 al rector de la Universidad de Bologna Giovanni Molari, y donde fue declarado Hu\u00e9sped de Honor. Participaron del acto el vicepresidente 1\u00b0 de la Legislatura Emmanuel Ferrario, el Vicepresidente 3\u00b0 y legislador Roy Cortina, los legisladores porte\u00f1os Hern\u00e1n Reyes, Carolina Estebarena, Diego Garc\u00eda Vilas, Ana Mar\u00eda [&hellip;]<\/p>\n","protected":false},"author":2,"featured_media":41030,"comment_status":"open","ping_status":"open","sticky":false,"template":"","format":"standard","meta":{"_et_pb_use_builder":"","_et_pb_old_content":"","_et_gb_content_width":"","footnotes":""},"categories":[11,33],"tags":[],"class_list":["post-41029","post","type-post","status-publish","format-standard","has-post-thumbnail","hentry","category-ciudad","category-sociedad-y-cultura-2"],"_links":{"self":[{"href":"https:\/\/vocesdebaires.com.ar\/index.php\/wp-json\/wp\/v2\/posts\/41029"}],"collection":[{"href":"https:\/\/vocesdebaires.com.ar\/index.php\/wp-json\/wp\/v2\/posts"}],"about":[{"href":"https:\/\/vocesdebaires.com.ar\/index.php\/wp-json\/wp\/v2\/types\/post"}],"author":[{"embeddable":true,"href":"https:\/\/vocesdebaires.com.ar\/index.php\/wp-json\/wp\/v2\/users\/2"}],"replies":[{"embeddable":true,"href":"https:\/\/vocesdebaires.com.ar\/index.php\/wp-json\/wp\/v2\/comments?post=41029"}],"version-history":[{"count":1,"href":"https:\/\/vocesdebaires.com.ar\/index.php\/wp-json\/wp\/v2\/posts\/41029\/revisions"}],"predecessor-version":[{"id":41031,"href":"https:\/\/vocesdebaires.com.ar\/index.php\/wp-json\/wp\/v2\/posts\/41029\/revisions\/41031"}],"wp:featuredmedia":[{"embeddable":true,"href":"https:\/\/vocesdebaires.com.ar\/index.php\/wp-json\/wp\/v2\/media\/41030"}],"wp:attachment":[{"href":"https:\/\/vocesdebaires.com.ar\/index.php\/wp-json\/wp\/v2\/media?parent=41029"}],"wp:term":[{"taxonomy":"category","embeddable":true,"href":"https:\/\/vocesdebaires.com.ar\/index.php\/wp-json\/wp\/v2\/categories?post=41029"},{"taxonomy":"post_tag","embeddable":true,"href":"https:\/\/vocesdebaires.com.ar\/index.php\/wp-json\/wp\/v2\/tags?post=41029"}],"curies":[{"name":"wp","href":"https:\/\/api.w.org\/{rel}","templated":true}]}}