{"id":41032,"date":"2022-10-28T00:00:02","date_gmt":"2022-10-28T03:00:02","guid":{"rendered":"https:\/\/vocesdebaires.com.ar\/?p=41032"},"modified":"2022-10-27T23:12:22","modified_gmt":"2022-10-28T02:12:22","slug":"en-la-ciudadpor-la-lucha-contra-el-cancer-de-mama","status":"publish","type":"post","link":"https:\/\/vocesdebaires.com.ar\/index.php\/2022\/10\/28\/en-la-ciudadpor-la-lucha-contra-el-cancer-de-mama\/","title":{"rendered":"En la ciudad:Por la lucha contra el c\u00e1ncer de mama"},"content":{"rendered":"<p>En el sal\u00f3n Hip\u00f3lito Yrigoyen, el Palacio Legislativo declar\u00f3 ayer mi\u00e9rcoles de Inter\u00e9s Socio Sanitario de la Ciudad a la edici\u00f3n de este a\u00f1o de la Caminata AVON \u201cPara ganarle al c\u00e1ncer de mama\u201d \u2013organizada por la Fundaci\u00f3n Avon-. La jornada cont\u00f3 con la presencia de la legisladora y autora del proyecto Gimena Villafruela (VJ), la directora general de la Mujer Carolina Barone y la directora ejecutiva de la Fundaci\u00f3n Av\u00f3n Ana In\u00e9s \u00c1lvarez.<\/p>\n<p>\u201cDesde la Legislatura es un orgullo y un honor hacer entrega de esta distinci\u00f3n\u201d, resalt\u00f3 la legisladora en el comienzo de su discurso. Tambi\u00e9n recalc\u00f3 que octubre es el mes de la lucha contra el c\u00e1ncer de mama, record\u00f3 la importancia de los cuidados y los controles y subray\u00f3 la lucha \u201cfuerte y profunda\u201d que hace la fundaci\u00f3n por la \u201cerradicaci\u00f3n de toda violencia contra las mujeres\u201d. \u201cNos sirve para continuar hablando de esta problem\u00e1tica, para continuar difundiendo y ayudando a la concientizaci\u00f3n\u201d, agreg\u00f3 Villafruela.<\/p>\n<p>En tanto que Barone remarc\u00f3 que cada a\u00f1o son m\u00e1s las mujeres que se suman \u201cde cada rinc\u00f3n de la Argentina para disfrutar de este encuentro\u201d y calific\u00f3 al hecho como una \u201chermandad\u201d. \u201cLa detecci\u00f3n temprana realmente salva vidas\u201d, sentenci\u00f3 la directora general. Y sum\u00f3: \u201ccuando las cosas se hacen desde el amor y desde el compromiso genuino la realidad se puede transformar\u201d.<\/p>\n<p>Por \u00faltimo, \u00c1lvarez inform\u00f3 que hubo m\u00e1s de 10 mil personas en la \u00faltima caminata, \u201cla misma cantidad de mamograf\u00edas que estamos haciendo este a\u00f1o en todo el pa\u00eds\u201d. Y que el trabajo realizado \u201cpermite llegar a distintos rincones, a distintas personas, en distintos contextos que de otra manera no llegan a la detecci\u00f3n temprana\u201d. Desde 1999, la Fundaci\u00f3n Av\u00f3n lucha por la erradicaci\u00f3n de toda violencia contra las mujeres y sus derechos. Tanto desde la integridad f\u00edsica como social y emocional.<\/p>\n","protected":false},"excerpt":{"rendered":"<p>En el sal\u00f3n Hip\u00f3lito Yrigoyen, el Palacio Legislativo declar\u00f3 ayer mi\u00e9rcoles de Inter\u00e9s Socio Sanitario de la Ciudad a la edici\u00f3n de este a\u00f1o de la Caminata AVON \u201cPara ganarle al c\u00e1ncer de mama\u201d \u2013organizada por la Fundaci\u00f3n Avon-. La jornada cont\u00f3 con la presencia de la legisladora y autora del proyecto Gimena Villafruela (VJ), [&hellip;]<\/p>\n","protected":false},"author":2,"featured_media":41033,"comment_status":"open","ping_status":"open","sticky":false,"template":"","format":"standard","meta":{"_et_pb_use_builder":"","_et_pb_old_content":"","_et_gb_content_width":"","footnotes":""},"categories":[11,33],"tags":[],"class_list":["post-41032","post","type-post","status-publish","format-standard","has-post-thumbnail","hentry","category-ciudad","category-sociedad-y-cultura-2"],"_links":{"self":[{"href":"https:\/\/vocesdebaires.com.ar\/index.php\/wp-json\/wp\/v2\/posts\/41032"}],"collection":[{"href":"https:\/\/vocesdebaires.com.ar\/index.php\/wp-json\/wp\/v2\/posts"}],"about":[{"href":"https:\/\/vocesdebaires.com.ar\/index.php\/wp-json\/wp\/v2\/types\/post"}],"author":[{"embeddable":true,"href":"https:\/\/vocesdebaires.com.ar\/index.php\/wp-json\/wp\/v2\/users\/2"}],"replies":[{"embeddable":true,"href":"https:\/\/vocesdebaires.com.ar\/index.php\/wp-json\/wp\/v2\/comments?post=41032"}],"version-history":[{"count":1,"href":"https:\/\/vocesdebaires.com.ar\/index.php\/wp-json\/wp\/v2\/posts\/41032\/revisions"}],"predecessor-version":[{"id":41034,"href":"https:\/\/vocesdebaires.com.ar\/index.php\/wp-json\/wp\/v2\/posts\/41032\/revisions\/41034"}],"wp:featuredmedia":[{"embeddable":true,"href":"https:\/\/vocesdebaires.com.ar\/index.php\/wp-json\/wp\/v2\/media\/41033"}],"wp:attachment":[{"href":"https:\/\/vocesdebaires.com.ar\/index.php\/wp-json\/wp\/v2\/media?parent=41032"}],"wp:term":[{"taxonomy":"category","embeddable":true,"href":"https:\/\/vocesdebaires.com.ar\/index.php\/wp-json\/wp\/v2\/categories?post=41032"},{"taxonomy":"post_tag","embeddable":true,"href":"https:\/\/vocesdebaires.com.ar\/index.php\/wp-json\/wp\/v2\/tags?post=41032"}],"curies":[{"name":"wp","href":"https:\/\/api.w.org\/{rel}","templated":true}]}}