{"id":41035,"date":"2022-10-28T00:00:20","date_gmt":"2022-10-28T03:00:20","guid":{"rendered":"https:\/\/vocesdebaires.com.ar\/?p=41035"},"modified":"2022-10-27T23:16:43","modified_gmt":"2022-10-28T02:16:43","slug":"legislatura-portena-declaro-visitante-ilustre-a-josep-borrell","status":"publish","type":"post","link":"https:\/\/vocesdebaires.com.ar\/index.php\/2022\/10\/28\/legislatura-portena-declaro-visitante-ilustre-a-josep-borrell\/","title":{"rendered":"Legislatura porte\u00f1a: Declar\u00f3 visitante ilustre a Josep Borrell"},"content":{"rendered":"<p>La Legislatura de la Ciudad declar\u00f3 como Visitante Ilustre a Josep Borrell, alto representante de la Uni\u00f3n Europea para Asuntos Exteriores y Pol\u00edtica de Seguridad. El acto se llev\u00f3 a cabo en el sal\u00f3n Eva Per\u00f3n y estuvieron presentes el Vicepresidente 1\u00b0 legislador Emmanuel Ferrario y el Vicepresidente 3\u00b0 legislador Roy Cortina; el embajador de la Uni\u00f3n Europea en Argentina Amador S\u00e1nchez Rico; los legisladores porte\u00f1os Carolina Estebarena (VJ), Marcelo Guouman (UCR\/Evoluci\u00f3n), Roberto Garc\u00eda Morit\u00e1n (RU), Manuela Thourte (UCR\/Evoluci\u00f3n), Hern\u00e1n Reyes (VJ), Esteban Garrido (VJ) y Juan Manuel Vald\u00e9s (FdT). Y el subsecretario de Relaciones Internacionales y Cooperaci\u00f3n Institucional, Pablo Garzonio.<\/p>\n<p>En el comienzo de las alocuciones, Ferrario destac\u00f3 el v\u00ednculo hist\u00f3rico entre nuestro pa\u00eds y Europa, que comparten \u201cuna visi\u00f3n del mundo com\u00fan, donde lo que se busca y promueve es la generaci\u00f3n de oportunidades y el desarrollo de todas las sociedades. Con valores en com\u00fan que tienen que ver con la libertad, con el esfuerzo, con el trabajo y el progreso\u201d. A su vez, el Vicepresidente 1\u00b0 del Palacio Legislativo destac\u00f3 la diversidad como \u201cfortaleza de nuestras sociedades\u201d y como \u201celemento clave\u201d para el desarrollo de los pueblos.<\/p>\n<p>Y se refiri\u00f3 a los dilemas actuales que enfrentan ambas sociedades, como la crisis energ\u00e9tica y alimentarias, las nuevas formas de trabajo y las nuevas tecnolog\u00edas, la inversi\u00f3n, el desarrollo sostenible y el cambio clim\u00e1tico. \u201cSon todos dilemas que vamos a poder encontrarle soluciones y superar si trabajos conjuntamente de manera cooperativa, con di\u00e1logo, respeto y buscando los consensos necesarios para poder afrontarlos\u201d.Por su parte, Borrell destac\u00f3 que Buenos Aires \u201ces una ciudad que forma parte de nuestro imaginario colectivo\u201d, que la ciudad es \u201csin\u00f3nimo de cultura, de apertura, de m\u00fasica, teatro y literatura\u201d y es \u201cla m\u00e1s europea\u201d de todas las ciudades latinoamericanas.<\/p>\n<p>A su vez confes\u00f3 tener la nacionalidad argentina por su padre, que naci\u00f3 en Mendoza y, al volver a Espa\u00f1a, form\u00f3 parte de los \u00faltimos batallones de la Rep\u00fablica. \u201cM\u00e1s tarde, cuando volv\u00ed a Mendoza, acompa\u00f1ando a los reyes como Ministro de Exteriores, vi la pampa y Los Andes nevados con el tapiz verde de los vi\u00f1edos. Un paisaje id\u00edlico\u201d, record\u00f3 el representante europeo. Por \u00faltimo, S\u00e1nchez Rico agradeci\u00f3 a Ferrario y a todo el equipo de la Legislatura: \u201cNos abr\u00e1is las puertas de este edificio hist\u00f3rico con tanta historia y lo hac\u00e9is con la generosidad que los caracteriza\u201d.<\/p>\n","protected":false},"excerpt":{"rendered":"<p>La Legislatura de la Ciudad declar\u00f3 como Visitante Ilustre a Josep Borrell, alto representante de la Uni\u00f3n Europea para Asuntos Exteriores y Pol\u00edtica de Seguridad. El acto se llev\u00f3 a cabo en el sal\u00f3n Eva Per\u00f3n y estuvieron presentes el Vicepresidente 1\u00b0 legislador Emmanuel Ferrario y el Vicepresidente 3\u00b0 legislador Roy Cortina; el embajador de [&hellip;]<\/p>\n","protected":false},"author":2,"featured_media":41036,"comment_status":"open","ping_status":"open","sticky":false,"template":"","format":"standard","meta":{"_et_pb_use_builder":"","_et_pb_old_content":"","_et_gb_content_width":"","footnotes":""},"categories":[11,33],"tags":[],"class_list":["post-41035","post","type-post","status-publish","format-standard","has-post-thumbnail","hentry","category-ciudad","category-sociedad-y-cultura-2"],"_links":{"self":[{"href":"https:\/\/vocesdebaires.com.ar\/index.php\/wp-json\/wp\/v2\/posts\/41035"}],"collection":[{"href":"https:\/\/vocesdebaires.com.ar\/index.php\/wp-json\/wp\/v2\/posts"}],"about":[{"href":"https:\/\/vocesdebaires.com.ar\/index.php\/wp-json\/wp\/v2\/types\/post"}],"author":[{"embeddable":true,"href":"https:\/\/vocesdebaires.com.ar\/index.php\/wp-json\/wp\/v2\/users\/2"}],"replies":[{"embeddable":true,"href":"https:\/\/vocesdebaires.com.ar\/index.php\/wp-json\/wp\/v2\/comments?post=41035"}],"version-history":[{"count":1,"href":"https:\/\/vocesdebaires.com.ar\/index.php\/wp-json\/wp\/v2\/posts\/41035\/revisions"}],"predecessor-version":[{"id":41037,"href":"https:\/\/vocesdebaires.com.ar\/index.php\/wp-json\/wp\/v2\/posts\/41035\/revisions\/41037"}],"wp:featuredmedia":[{"embeddable":true,"href":"https:\/\/vocesdebaires.com.ar\/index.php\/wp-json\/wp\/v2\/media\/41036"}],"wp:attachment":[{"href":"https:\/\/vocesdebaires.com.ar\/index.php\/wp-json\/wp\/v2\/media?parent=41035"}],"wp:term":[{"taxonomy":"category","embeddable":true,"href":"https:\/\/vocesdebaires.com.ar\/index.php\/wp-json\/wp\/v2\/categories?post=41035"},{"taxonomy":"post_tag","embeddable":true,"href":"https:\/\/vocesdebaires.com.ar\/index.php\/wp-json\/wp\/v2\/tags?post=41035"}],"curies":[{"name":"wp","href":"https:\/\/api.w.org\/{rel}","templated":true}]}}