{"id":41038,"date":"2022-10-28T00:00:20","date_gmt":"2022-10-28T03:00:20","guid":{"rendered":"https:\/\/vocesdebaires.com.ar\/?p=41038"},"modified":"2022-10-27T23:21:57","modified_gmt":"2022-10-28T02:21:57","slug":"en-la-ciudadel-ballet-de-las-chicasde-interes-cultural","status":"publish","type":"post","link":"https:\/\/vocesdebaires.com.ar\/index.php\/2022\/10\/28\/en-la-ciudadel-ballet-de-las-chicasde-interes-cultural\/","title":{"rendered":"En la ciudad:El \u201cBallet de las chicas\u201d,de inter\u00e9s cultural"},"content":{"rendered":"<p>La Legislatura de la Ciudad entreg\u00f3 el diploma de inter\u00e9s Cultural a El ballet de las chicas el pasado martes por la tarde. En el Sal\u00f3n Dorado se realiz\u00f3 el acto, que tuvo la presencia de la legisladora porte\u00f1a\u00a0 e impulsora de la iniciativa legisladora Mar\u00eda Sol M\u00e9ndez (VJ), el director y creador Facundo Vivona, la cantante e integrante Roxana Show y Lidia Greco, que es parte del grupo. \u201cEl ballet de las chicas es el ejemplo del envejecimiento activo, de cuan diferente y mejor es la calidad de vida de las personas mayores cuando hay una contenci\u00f3n, un trabajo y un equipo\u201d, afirm\u00f3 la legisladora. En este sentido, tambi\u00e9n agreg\u00f3 que la agrupaci\u00f3n \u201cviene a derribar un mont\u00f3n de estereotipos\u201d.Por su parte, Vivona rememor\u00f3 c\u00f3mo conoci\u00f3 a cada una de las integrantes del ballet y agradeci\u00f3, tanto a legisladores y como legisladoras, por acompa\u00f1ar la iniciativa con su voto.<\/p>\n<p>\u201cEste momento corona m\u00e1s de una d\u00e9cada de sacrificio, trabajo, insistencia, de querer y no poder, de pelear, de insistir y de ac\u00e1 estar\u201d, resalt\u00f3 el director. Luego, Greco reconoci\u00f3 a Vivona: \u201cnos hiciste subir a un escenario, nos diste m\u00e1s vida, m\u00e1s alegr\u00eda, m\u00e1s encanto a todo lo que est\u00e1bamos formando en ese momento\u201d. Finalmente Roxana Show tambi\u00e9n agradeci\u00f3 al creador por la iniciativa por alargarle la vida y \u201cel incentivo que uno necesita para vivir\u201d. El Ballet de las chicas naci\u00f3 en 2011 y est\u00e1 conformado por un grupo heterog\u00e9neo de veinte mujeres ecl\u00e9cticas y amateurs, de entre cincuenta y ochenta a\u00f1os de edad. En sus m\u00e1s de diez a\u00f1os de trayectoria han presentado diferentes espect\u00e1culos en distintos teatros como el Teatro Empire, Teatro Border, Centro Cultural Borges y Teatro Broadway.<\/p>\n","protected":false},"excerpt":{"rendered":"<p>La Legislatura de la Ciudad entreg\u00f3 el diploma de inter\u00e9s Cultural a El ballet de las chicas el pasado martes por la tarde. En el Sal\u00f3n Dorado se realiz\u00f3 el acto, que tuvo la presencia de la legisladora porte\u00f1a\u00a0 e impulsora de la iniciativa legisladora Mar\u00eda Sol M\u00e9ndez (VJ), el director y creador Facundo Vivona, [&hellip;]<\/p>\n","protected":false},"author":2,"featured_media":41039,"comment_status":"open","ping_status":"open","sticky":false,"template":"","format":"standard","meta":{"_et_pb_use_builder":"","_et_pb_old_content":"","_et_gb_content_width":"","footnotes":""},"categories":[11,33],"tags":[],"class_list":["post-41038","post","type-post","status-publish","format-standard","has-post-thumbnail","hentry","category-ciudad","category-sociedad-y-cultura-2"],"_links":{"self":[{"href":"https:\/\/vocesdebaires.com.ar\/index.php\/wp-json\/wp\/v2\/posts\/41038"}],"collection":[{"href":"https:\/\/vocesdebaires.com.ar\/index.php\/wp-json\/wp\/v2\/posts"}],"about":[{"href":"https:\/\/vocesdebaires.com.ar\/index.php\/wp-json\/wp\/v2\/types\/post"}],"author":[{"embeddable":true,"href":"https:\/\/vocesdebaires.com.ar\/index.php\/wp-json\/wp\/v2\/users\/2"}],"replies":[{"embeddable":true,"href":"https:\/\/vocesdebaires.com.ar\/index.php\/wp-json\/wp\/v2\/comments?post=41038"}],"version-history":[{"count":2,"href":"https:\/\/vocesdebaires.com.ar\/index.php\/wp-json\/wp\/v2\/posts\/41038\/revisions"}],"predecessor-version":[{"id":41041,"href":"https:\/\/vocesdebaires.com.ar\/index.php\/wp-json\/wp\/v2\/posts\/41038\/revisions\/41041"}],"wp:featuredmedia":[{"embeddable":true,"href":"https:\/\/vocesdebaires.com.ar\/index.php\/wp-json\/wp\/v2\/media\/41039"}],"wp:attachment":[{"href":"https:\/\/vocesdebaires.com.ar\/index.php\/wp-json\/wp\/v2\/media?parent=41038"}],"wp:term":[{"taxonomy":"category","embeddable":true,"href":"https:\/\/vocesdebaires.com.ar\/index.php\/wp-json\/wp\/v2\/categories?post=41038"},{"taxonomy":"post_tag","embeddable":true,"href":"https:\/\/vocesdebaires.com.ar\/index.php\/wp-json\/wp\/v2\/tags?post=41038"}],"curies":[{"name":"wp","href":"https:\/\/api.w.org\/{rel}","templated":true}]}}