{"id":41042,"date":"2022-10-28T00:00:53","date_gmt":"2022-10-28T03:00:53","guid":{"rendered":"https:\/\/vocesdebaires.com.ar\/?p=41042"},"modified":"2022-10-27T23:28:01","modified_gmt":"2022-10-28T02:28:01","slug":"ciudaddestacan-el-triunfo-de-la-uba-en-la-america-washiington","status":"publish","type":"post","link":"https:\/\/vocesdebaires.com.ar\/index.php\/2022\/10\/28\/ciudaddestacan-el-triunfo-de-la-uba-en-la-america-washiington\/","title":{"rendered":"Ciudad:Destacan el triunfo de la UBA en la America Washiington"},"content":{"rendered":"<p>La Legislatura de la Ciudad entreg\u00f3 una distinci\u00f3n a los integrantes del equipo de la Facultad de Derecho de la Universidad de Buenos Aires que triunf\u00f3 en el Concurso Interamericano de Derechos Humanos organizado por la American University Washington College of Law. El acto estuvo encabezado por la autora de la iniciativa, la legisladora Ofelia Fern\u00e1ndez (FdT), junto a su colega Marcelo Guouman (UCR\/E). Los integrantes del equipo Ezequiel Curcio y Nicole Levy recibieron el diploma en el Sal\u00f3n Alfons\u00edn que reconoce el benepl\u00e1cito que fue aprobado de manera un\u00e1nime por todo el cuerpo.<\/p>\n<p>\u201cEs un orgullo para m\u00ed que esta casa de manifieste su reconocimiento al desempe\u00f1o del equipo que logr\u00f3 ganar el concurso en un concurso sobre Derechos Humanos\u201d, dijo Fern\u00e1ndez al comenzar el acto. \u201cLa UBA demuestra cada d\u00eda que se trata de una instituci\u00f3n que es una garant\u00eda de calidad educativa. Agradecemos que hayan venido a que los reconozcamos pero para nosotros es fundamental destacar los logros de la educaci\u00f3n p\u00fablica\u201d, complet\u00f3.Por otra parte, el legislador porte\u00f1o Marcelo Guouman destac\u00f3 que \u201ces un orgullo entregar el reconocimiento\u201d ya que \u201cdemostraron la alta calidad de la formaci\u00f3n en la universidad p\u00fablica\u201d. \u201cTodos reconocemos el valor de la educaci\u00f3n p\u00fablica y su gesti\u00f3n estrat\u00e9gica. Lo que hacemos hoy es destacar el m\u00e9rito acad\u00e9mico de la Facultad de Derecho de la UBA\u201d, complet\u00f3.<\/p>\n","protected":false},"excerpt":{"rendered":"<p>La Legislatura de la Ciudad entreg\u00f3 una distinci\u00f3n a los integrantes del equipo de la Facultad de Derecho de la Universidad de Buenos Aires que triunf\u00f3 en el Concurso Interamericano de Derechos Humanos organizado por la American University Washington College of Law. El acto estuvo encabezado por la autora de la iniciativa, la legisladora Ofelia [&hellip;]<\/p>\n","protected":false},"author":2,"featured_media":41043,"comment_status":"open","ping_status":"open","sticky":false,"template":"","format":"standard","meta":{"_et_pb_use_builder":"","_et_pb_old_content":"","_et_gb_content_width":"","footnotes":""},"categories":[11,33],"tags":[],"class_list":["post-41042","post","type-post","status-publish","format-standard","has-post-thumbnail","hentry","category-ciudad","category-sociedad-y-cultura-2"],"_links":{"self":[{"href":"https:\/\/vocesdebaires.com.ar\/index.php\/wp-json\/wp\/v2\/posts\/41042"}],"collection":[{"href":"https:\/\/vocesdebaires.com.ar\/index.php\/wp-json\/wp\/v2\/posts"}],"about":[{"href":"https:\/\/vocesdebaires.com.ar\/index.php\/wp-json\/wp\/v2\/types\/post"}],"author":[{"embeddable":true,"href":"https:\/\/vocesdebaires.com.ar\/index.php\/wp-json\/wp\/v2\/users\/2"}],"replies":[{"embeddable":true,"href":"https:\/\/vocesdebaires.com.ar\/index.php\/wp-json\/wp\/v2\/comments?post=41042"}],"version-history":[{"count":1,"href":"https:\/\/vocesdebaires.com.ar\/index.php\/wp-json\/wp\/v2\/posts\/41042\/revisions"}],"predecessor-version":[{"id":41045,"href":"https:\/\/vocesdebaires.com.ar\/index.php\/wp-json\/wp\/v2\/posts\/41042\/revisions\/41045"}],"wp:featuredmedia":[{"embeddable":true,"href":"https:\/\/vocesdebaires.com.ar\/index.php\/wp-json\/wp\/v2\/media\/41043"}],"wp:attachment":[{"href":"https:\/\/vocesdebaires.com.ar\/index.php\/wp-json\/wp\/v2\/media?parent=41042"}],"wp:term":[{"taxonomy":"category","embeddable":true,"href":"https:\/\/vocesdebaires.com.ar\/index.php\/wp-json\/wp\/v2\/categories?post=41042"},{"taxonomy":"post_tag","embeddable":true,"href":"https:\/\/vocesdebaires.com.ar\/index.php\/wp-json\/wp\/v2\/tags?post=41042"}],"curies":[{"name":"wp","href":"https:\/\/api.w.org\/{rel}","templated":true}]}}