{"id":41046,"date":"2022-10-28T00:00:59","date_gmt":"2022-10-28T03:00:59","guid":{"rendered":"https:\/\/vocesdebaires.com.ar\/?p=41046"},"modified":"2022-10-27T23:32:02","modified_gmt":"2022-10-28T02:32:02","slug":"vuelve-expo-jovencuando-sera-la-feria-y-que-herramientas-brindara","status":"publish","type":"post","link":"https:\/\/vocesdebaires.com.ar\/index.php\/2022\/10\/28\/vuelve-expo-jovencuando-sera-la-feria-y-que-herramientas-brindara\/","title":{"rendered":"Vuelve Expo Joven:Cu\u00e1ndo ser\u00e1 la feria y qu\u00e9 herramientas brindar\u00e1"},"content":{"rendered":"<p>La Expo Joven es un encuentro organizado por el Ministerio de Desarrollo Econ\u00f3mico y Producci\u00f3n de la Ciudad, a trav\u00e9s de la Direcci\u00f3n de Pol\u00edticas de Juventud, destinado a j\u00f3venes de entre 16 y 35 a\u00f1os a quienes se les brindar\u00e1 herramientas para acercarse a su vocaci\u00f3n y diversos espacios donde podr\u00e1n capacitarse, encontrar ofertas de formaci\u00f3n, oportunidades laborales y talleres para entrar a un mercado laboral cada vez m\u00e1s competitivo. El evento tendr\u00e1 lugar los d\u00edas 3 y 4 de noviembre, de 10 a 20 horas en la Usina del Arte (Av. Caffarena 1, Comuna 4), las entradas se reservar\u00e1n a trav\u00e9s de la p\u00e1gina web y los cupos ser\u00e1n limitados.<\/p>\n<p>Los j\u00f3venes podr\u00e1n acceder a talleres de empleabilidad, participar de workshops con empresas, instituciones educativas y ONGs, asistir a charlas y conferencias con personalidades destacadas, poner a prueba sus habilidades a trav\u00e9s de diferentes propuestas l\u00fadicas y disfrutar de los diferentes espacios de recreaci\u00f3n. \u201cEstoy convencido de que el trabajo es la herramienta m\u00e1s poderosa que tenemos para realizarnos como personas. En la Ciudad, tenemos una visi\u00f3n del Estado que acompa\u00f1a al que quiere trabajar y al que quiere generar empleo\u201d, afirm\u00f3 Jos\u00e9 Luis Giusti, ministro de Desarrollo Econ\u00f3mico y Producci\u00f3n.<\/p>\n<p>El funcionario agreg\u00f3: \u201cPromover iniciativas, como la Expo Joven, que impulsan la capacitaci\u00f3n en las habilidades y socioemocionales que demanda el mercado, es brindarles a nuestros j\u00f3venes un mejor presente, asegur\u00e1ndoles un futuro con m\u00e1s y mejores oportunidades\u201d. En la Expo, se asesorar\u00e1 a j\u00f3venes para una b\u00fasqueda laboral eficaz, mejorar la confecci\u00f3n de su CV, prepararse para una entrevista laboral y poder profundizar sobre c\u00f3mo contar su historia en un mundo totalmente digitalizado, adem\u00e1s de acercarlos a su vocaci\u00f3n e intereses y brindarles herramientas para potenciar su desarrollo personal y profesional. Participar\u00e1n m\u00e1s de 100 empresas, 30 instituciones educativas y ONGs que brindar\u00e1n oportunidades laborales y de formaci\u00f3n.<\/p>\n<p>Por su parte, Tom\u00e1s Mestre, director general de Pol\u00edticas de Juventud, destac\u00f3: \u201cEl desempleo juvenil es una realidad en Argentina, aumenta sin cesar y es un tema que nos preocupa y que tiene un lugar permanente en nuestra agenda. Con la Expo Joven, buscamos acercar y conectar a esos j\u00f3venes que se encuentran en b\u00fasqueda laboral activa con las empresas que ofrecen empleo. Adem\u00e1s, queremos que puedan vivirlo como una experiencia que los ayude a enfocarse para acercarse a su vocaci\u00f3n y poder conseguir un trabajo que se ajuste a sus intereses y habilidades\u201d.<\/p>\n<p>Adem\u00e1s, la Expo Joven contar\u00e1 con un espacio virtual que se habilitar\u00e1 el 3 de noviembre en buenosaires.gob.ar\/ExpoJoven, y se extender\u00e1 por el lapso de dos semanas. Quienes ingresen podr\u00e1n acceder a diferentes talleres sobre organizaci\u00f3n y planificaci\u00f3n, trabajo en equipo y comunicaci\u00f3n asertiva en una entrevista laboral. Tambi\u00e9n podr\u00e1n postularse a oportunidades laborales y becas de formaci\u00f3n, y contar\u00e1n con contenido asincr\u00f3nico sobre armado de CV.<\/p>\n","protected":false},"excerpt":{"rendered":"<p>La Expo Joven es un encuentro organizado por el Ministerio de Desarrollo Econ\u00f3mico y Producci\u00f3n de la Ciudad, a trav\u00e9s de la Direcci\u00f3n de Pol\u00edticas de Juventud, destinado a j\u00f3venes de entre 16 y 35 a\u00f1os a quienes se les brindar\u00e1 herramientas para acercarse a su vocaci\u00f3n y diversos espacios donde podr\u00e1n capacitarse, encontrar ofertas [&hellip;]<\/p>\n","protected":false},"author":2,"featured_media":41047,"comment_status":"open","ping_status":"open","sticky":false,"template":"","format":"standard","meta":{"_et_pb_use_builder":"","_et_pb_old_content":"","_et_gb_content_width":"","footnotes":""},"categories":[11,33],"tags":[],"class_list":["post-41046","post","type-post","status-publish","format-standard","has-post-thumbnail","hentry","category-ciudad","category-sociedad-y-cultura-2"],"_links":{"self":[{"href":"https:\/\/vocesdebaires.com.ar\/index.php\/wp-json\/wp\/v2\/posts\/41046"}],"collection":[{"href":"https:\/\/vocesdebaires.com.ar\/index.php\/wp-json\/wp\/v2\/posts"}],"about":[{"href":"https:\/\/vocesdebaires.com.ar\/index.php\/wp-json\/wp\/v2\/types\/post"}],"author":[{"embeddable":true,"href":"https:\/\/vocesdebaires.com.ar\/index.php\/wp-json\/wp\/v2\/users\/2"}],"replies":[{"embeddable":true,"href":"https:\/\/vocesdebaires.com.ar\/index.php\/wp-json\/wp\/v2\/comments?post=41046"}],"version-history":[{"count":1,"href":"https:\/\/vocesdebaires.com.ar\/index.php\/wp-json\/wp\/v2\/posts\/41046\/revisions"}],"predecessor-version":[{"id":41048,"href":"https:\/\/vocesdebaires.com.ar\/index.php\/wp-json\/wp\/v2\/posts\/41046\/revisions\/41048"}],"wp:featuredmedia":[{"embeddable":true,"href":"https:\/\/vocesdebaires.com.ar\/index.php\/wp-json\/wp\/v2\/media\/41047"}],"wp:attachment":[{"href":"https:\/\/vocesdebaires.com.ar\/index.php\/wp-json\/wp\/v2\/media?parent=41046"}],"wp:term":[{"taxonomy":"category","embeddable":true,"href":"https:\/\/vocesdebaires.com.ar\/index.php\/wp-json\/wp\/v2\/categories?post=41046"},{"taxonomy":"post_tag","embeddable":true,"href":"https:\/\/vocesdebaires.com.ar\/index.php\/wp-json\/wp\/v2\/tags?post=41046"}],"curies":[{"name":"wp","href":"https:\/\/api.w.org\/{rel}","templated":true}]}}