{"id":41049,"date":"2022-10-28T00:00:33","date_gmt":"2022-10-28T03:00:33","guid":{"rendered":"https:\/\/vocesdebaires.com.ar\/?p=41049"},"modified":"2022-10-27T23:38:33","modified_gmt":"2022-10-28T02:38:33","slug":"la-amia-fue-galardonada-con-cuatro-premios-eikon-de-oro","status":"publish","type":"post","link":"https:\/\/vocesdebaires.com.ar\/index.php\/2022\/10\/28\/la-amia-fue-galardonada-con-cuatro-premios-eikon-de-oro\/","title":{"rendered":"La AMIA fue galardonada con cuatro premios Eikon de Oro"},"content":{"rendered":"<p>Por acciones de memoria y reclamo de justicia por las 85 v\u00edctimas del atentado perpetrado el 18 de julio de 1994, AMIA recibi\u00f3 cuatro premios Eikon de Oro, distinciones que son otorgadas por la Revista Imagen, desde hace 25 a\u00f1os, para reconocer a lo mejor de la comunicaci\u00f3n institucional de la Argentina.En la edici\u00f3n 2022 de estos galardones, la instituci\u00f3n fue una de las grandes ganadoras de la noche, al recibir cuatro estatuillas de oro por las iniciativas de recordaci\u00f3n, producidas por el \u00e1rea de Arte y Producci\u00f3n de AMIA, y lanzadas en 2021, en el marco del 27\u00b0 aniversario del ataque terrorista contra la instituci\u00f3n, y que fueron englobadas en la campa\u00f1a \u201cMes de la Memoria\u201d. Las distinciones fueron recibidas por Amos Linetzky, presidente de AMIA; Elio Kapszuk, director del departamento de Arte y Producci\u00f3n de la entidad, y Marina Degtiar, secretaria del \u00e1rea mencionada de la instituci\u00f3n.<\/p>\n<p><strong>Dentro del Cap\u00edtulo ONG, en el cual AMIA compiti\u00f3, los reconocimientos con la m\u00e1xima distinci\u00f3n fueron para las siguientes cuatro categor\u00edas:<\/strong><br \/>\n<strong>Categor\u00eda 1:<\/strong> Campa\u00f1a general de comunicaci\u00f3n institucional por el \u00abMes De La Memoria\u00bb<br \/>\n<strong>Categor\u00eda 18<\/strong>: Publicaciones institucionales\/multimedia, campa\u00f1a general por \u00abMes De La Memoria\u00bb<br \/>\n<strong>Categor\u00eda 20<\/strong>: Campa\u00f1a General de Difusi\u00f3n por \u00abMes De La Memoria\u00bb<br \/>\n<strong>Categor\u00eda 23<\/strong>: Marketing social por \u00abMes De La Memoria\u00bb<\/p>\n<p>La campa\u00f1a realizada por AMIA incluy\u00f3 diversas iniciativas y piezas de comunicaci\u00f3n, que fueron pensadas para llegar con mensajes a favor del ejercicio de la memoria a distintas audiencias.<br \/>\nPor un lado, participaron para una de las acciones del \u201cMes de la Memoria\u201d diecis\u00e9is \u201cinfluencers\u201d, quienes compartieron en sus redes sociales el contenido especial que produjeron para recordar a las personas asesinadas en el ataque del 18 de julio de 1994.<\/p>\n<p>Formaron parte de esta iniciativa Marcelo Tinelli, Ver\u00f3nica Lozano, Lalo Mir (\u201cFilo Explica\u201d), Dami\u00e1n Kuc, Nati Jota, Federico Bal, Stefi Roitman, Fede Bareiro, Pupina Plomer, Fede Popgold, Juariu, Bebe Contepomi, Keren Weinstein, Magnus Mefisto, Mat\u00edas Sinay (\u201cUn Mundo Sin\u201d) e Ini Hajnal. Tambi\u00e9n integr\u00f3 el \u201cMes de la Memoria\u201d, el video musical que se realiz\u00f3 con el grupo de percusi\u00f3n \u201cLa Bomba de Tiempo\u201d y el rapero XXL Irione, y la producci\u00f3n audiovisual \u201cConversaci\u00f3n para no olvidar\u201d, basada en la historia de Na\u00f3n Bernardo \u201cBuby\u201d Mirochnik, v\u00edctima fatal del atentado.<\/p>\n<p>Adem\u00e1s, en ese marco, AMIA inaugur\u00f3 \u201cEse d\u00eda\u201d, la muestra de retratos a v\u00edctimas sobrevivientes que realiz\u00f3 la reconocida fot\u00f3grafa Alejandra L\u00f3pez a pedido de la instituci\u00f3n, y se llev\u00f3 adelante la iniciativa \u201cSomos todos del mismo equipo\u201d, en conjunto con la Liga Profesional de F\u00fatbol Argentino, en la distintos planteles de primera divisi\u00f3n se tomaron unos minutos antes de comenzar el partido para mostrar y exhibir carteles alusivos a los 27 a\u00f1os del atentado impune contra la AMIA.La entrega de los premios Eikon tuvo lugar el pasado martes 25 de octubre en el Hotel Intercontinental de Buenos Aires, en un encuentro que convoc\u00f3 a profesionales de distintos puntos del pa\u00eds.<\/p>\n<p>De Eikon participan a\u00f1o a a\u00f1o decenas de empresas de todo el pa\u00eds, con casos que son juzgados por profesionales empresariales y acad\u00e9micos de las diversas \u00e1reas de la comunicaci\u00f3n corporativa. Este a\u00f1o, adem\u00e1s de AMIA, fueron reconocidos Profertil, Pan American Energy, Andreani, Grupo Clar\u00edn, Danone, Osde, Ual\u00e1, UBA y otras importantes organizaciones argentinas. Adem\u00e1s, el ex senador Esteban Bullrich y el emprendedor Mateo Salvatto fueron reconocidos como comunicadores generales del a\u00f1o, mientras que Dami\u00e1n Mart\u00ednez Lahitoi, CEO de Feedback PR, obtuvo el premio como mejor comunicador general del \u00faltimo per\u00edodo.<\/p>\n","protected":false},"excerpt":{"rendered":"<p>Por acciones de memoria y reclamo de justicia por las 85 v\u00edctimas del atentado perpetrado el 18 de julio de 1994, AMIA recibi\u00f3 cuatro premios Eikon de Oro, distinciones que son otorgadas por la Revista Imagen, desde hace 25 a\u00f1os, para reconocer a lo mejor de la comunicaci\u00f3n institucional de la Argentina.En la edici\u00f3n 2022 [&hellip;]<\/p>\n","protected":false},"author":2,"featured_media":41050,"comment_status":"open","ping_status":"open","sticky":false,"template":"","format":"standard","meta":{"_et_pb_use_builder":"","_et_pb_old_content":"","_et_gb_content_width":"","footnotes":""},"categories":[11,33],"tags":[],"class_list":["post-41049","post","type-post","status-publish","format-standard","has-post-thumbnail","hentry","category-ciudad","category-sociedad-y-cultura-2"],"_links":{"self":[{"href":"https:\/\/vocesdebaires.com.ar\/index.php\/wp-json\/wp\/v2\/posts\/41049"}],"collection":[{"href":"https:\/\/vocesdebaires.com.ar\/index.php\/wp-json\/wp\/v2\/posts"}],"about":[{"href":"https:\/\/vocesdebaires.com.ar\/index.php\/wp-json\/wp\/v2\/types\/post"}],"author":[{"embeddable":true,"href":"https:\/\/vocesdebaires.com.ar\/index.php\/wp-json\/wp\/v2\/users\/2"}],"replies":[{"embeddable":true,"href":"https:\/\/vocesdebaires.com.ar\/index.php\/wp-json\/wp\/v2\/comments?post=41049"}],"version-history":[{"count":1,"href":"https:\/\/vocesdebaires.com.ar\/index.php\/wp-json\/wp\/v2\/posts\/41049\/revisions"}],"predecessor-version":[{"id":41051,"href":"https:\/\/vocesdebaires.com.ar\/index.php\/wp-json\/wp\/v2\/posts\/41049\/revisions\/41051"}],"wp:featuredmedia":[{"embeddable":true,"href":"https:\/\/vocesdebaires.com.ar\/index.php\/wp-json\/wp\/v2\/media\/41050"}],"wp:attachment":[{"href":"https:\/\/vocesdebaires.com.ar\/index.php\/wp-json\/wp\/v2\/media?parent=41049"}],"wp:term":[{"taxonomy":"category","embeddable":true,"href":"https:\/\/vocesdebaires.com.ar\/index.php\/wp-json\/wp\/v2\/categories?post=41049"},{"taxonomy":"post_tag","embeddable":true,"href":"https:\/\/vocesdebaires.com.ar\/index.php\/wp-json\/wp\/v2\/tags?post=41049"}],"curies":[{"name":"wp","href":"https:\/\/api.w.org\/{rel}","templated":true}]}}