{"id":41069,"date":"2022-10-31T00:00:58","date_gmt":"2022-10-31T03:00:58","guid":{"rendered":"https:\/\/vocesdebaires.com.ar\/?p=41069"},"modified":"2022-10-30T18:57:58","modified_gmt":"2022-10-30T21:57:58","slug":"la-noche-de-los-bares-notablescasi-180-000-personas-participaron","status":"publish","type":"post","link":"https:\/\/vocesdebaires.com.ar\/index.php\/2022\/10\/31\/la-noche-de-los-bares-notablescasi-180-000-personas-participaron\/","title":{"rendered":"La Noche de los Bares Notables,casi 180.000 personas participaron"},"content":{"rendered":"<p>El Ministerio de Cultura de la Ciudad celebr\u00f3 la primera edici\u00f3n de La Noche de los Bares Notables con una programaci\u00f3n cargada de propuestas culturales, gastron\u00f3micas y de inter\u00e9s general para toda la familia. M\u00e1s de 180 mil personas disfrutaron de la iniciativa que busc\u00f3 homenajear el patrimonio de la Ciudad y el esp\u00edritu porte\u00f1o. \u201cLa Noche de los Bares Notables nos dej\u00f3 la alegr\u00eda de ver la incre\u00edble cantidad de gente que se moviliz\u00f3 y que disfrut\u00f3 de nuestros bares. Estos son una parte important\u00edsima de nuestra identidad cultural, de nuestras costumbres m\u00e1s arraigadas. Esperamos que a\u00f1o a a\u00f1o, m\u00e1s personas participen en la vida cultural y encuentren una nueva mirada del patrimonio de sus barrios\u201d, expres\u00f3 el ministro de Cultura de la Ciudad, Enrique Avogadro.<\/p>\n<p>La propuesta transform\u00f3 la tarde del pasado viernes 28 de octubre en un after office excepcional: la oferta cultural se extendi\u00f3 por 10 circuitos barriales que abarcaron m\u00e1s de 40 bares notables de la Ciudad englobando microcentro, macrocentro, San Nicol\u00e1s, San Telmo, Monserrat, Abasto, Boedo, La Boca, Barracas, Almagro, Palermo, Chacarita, Belgrano, Caballito y Recoleta. El centro neur\u00e1lgico de la celebraci\u00f3n fue el microcentro porte\u00f1o, que tuvo dos escenarios -uno en Florida y Lavalle, y el otro en Florida y Av. Presidente Roque S\u00e1enz Pe\u00f1a- en los cuales se pudo disfrutar de m\u00fasica, literatura, performances y mucho m\u00e1s.<\/p>\n<p>Este evento busc\u00f3 reconocer la labor que llevan a cabo los Bares Notables de la Ciudad, impulsar su desarrollo y darles visibilidad, ofreciendo a los vecinos y vecinas de todas las edades promociones y propuestas para disfrutar de lo mejor de la cultura y la gastronom\u00eda porte\u00f1a. Invitando, a su vez, a nuevos p\u00fablicos a conocer los caf\u00e9s, billares, bares y confiter\u00edas hist\u00f3ricas a trav\u00e9s de los diferentes circuitos que fueron dise\u00f1ados para una noche \u00fanica.<\/p>\n<p>Hubo propuestas tanto dentro de los Bares Notables como en las calles, de manera itinerante: se realizaron bicicleteadas musicales, recorridos guiados por los barrios porte\u00f1os de mayor historia, espect\u00e1culos de tango y de m\u00fasica afroperuana, milongas a cielo abierto, batallas de rap, shows de jazz y percusi\u00f3n, jams de dibujo, charlas, talleres, artes visuales, cabarets y orquestas, entre otros. En las pantallas de los teatros de Calle Corrientes, adem\u00e1s, se proyect\u00f3 una muestra virtual de obras de Sameer Makarius durante toda la noche.<\/p>\n<p>El cierre estuvo a cargo de El Polaco, que cant\u00f3 canciones propias y reversion\u00f3 tangos del cancionero popular argentino, junto a m\u00fasicos emergentes de la escena porte\u00f1a formados en los Conservatorios Superiores de M\u00fasica \u00c1stor Piazzolla y Manuel de Falla -dependientes de la Direcci\u00f3n General de Ense\u00f1anza Art\u00edstica de la Ciudad-. El p\u00fablico se acerc\u00f3 a bailar y cantar junto a \u00e9l en el escenario ubicado en Florida y Lavalle.<\/p>\n<p><strong>Sobre Patrimonio BA:<\/strong><br \/>\nLa Gerencia Operativa de Patrimonio, dependiente de la Direcci\u00f3n General de Patrimonio, Museos y Casco Hist\u00f3rico del Ministerio de Cultura de la Ciudad, investiga, asesora, conserva y transfiere conocimiento sobre el patrimonio cultural de la Ciudad.<\/p>\n<p><strong>Sobre Noches BA 2022:<\/strong><br \/>\nEs un programa econ\u00f3mico-cultural de gesti\u00f3n combinada p\u00fablico-privada que crea circuitos accesibles para que la gente pueda descubrir toda la oferta que tienen los barrios a partir de un calendario con descuentos, promociones y propuestas gratuitas de los distintos rubros en los que se destaca la Ciudad. Es as\u00ed que este a\u00f1o se sumaron tem\u00e1ticas nuevas como La Noche de las Pe\u00f1as, La Noche de los Caf\u00e9s Notables y La Noche del Turismo. La iniciativa Noches BA contempla Disquer\u00edas, Teatros, M\u00fasica, Gastronom\u00eda, Templos, Librer\u00edas, La Nochecita -con m\u00faltiples propuestas culturales dedicadas a los m\u00e1s chicos-, Anticuarios y la cl\u00e1sica Noche de los Museos.<\/p>\n<p>Para destacar a cada una de ellas, se programa un s\u00e1bado y se dise\u00f1a un circuito fomentando a los artistas emergentes, comercios y servicios. La marca Noches BA adquiere alcance federal gracias al reconocimiento que recibi\u00f3 en todas las provincias y los resultados satisfactorios que tuvo el a\u00f1o pasado en aquellos lugares donde se desarroll\u00f3 el programa, convirti\u00e9ndose as\u00ed en una iniciativa que este 2022 se despliega en C\u00f3rdoba, Mendoza, Tucum\u00e1n, Entre R\u00edos, Chubut y varias localidades de la provincia de Buenos Aires.<br \/>\nFotos GCBA<\/p>\n","protected":false},"excerpt":{"rendered":"<p>El Ministerio de Cultura de la Ciudad celebr\u00f3 la primera edici\u00f3n de La Noche de los Bares Notables con una programaci\u00f3n cargada de propuestas culturales, gastron\u00f3micas y de inter\u00e9s general para toda la familia. M\u00e1s de 180 mil personas disfrutaron de la iniciativa que busc\u00f3 homenajear el patrimonio de la Ciudad y el esp\u00edritu porte\u00f1o. [&hellip;]<\/p>\n","protected":false},"author":3,"featured_media":41070,"comment_status":"open","ping_status":"open","sticky":false,"template":"","format":"standard","meta":{"_et_pb_use_builder":"","_et_pb_old_content":"","_et_gb_content_width":"","footnotes":""},"categories":[11,33],"tags":[],"class_list":["post-41069","post","type-post","status-publish","format-standard","has-post-thumbnail","hentry","category-ciudad","category-sociedad-y-cultura-2"],"_links":{"self":[{"href":"https:\/\/vocesdebaires.com.ar\/index.php\/wp-json\/wp\/v2\/posts\/41069"}],"collection":[{"href":"https:\/\/vocesdebaires.com.ar\/index.php\/wp-json\/wp\/v2\/posts"}],"about":[{"href":"https:\/\/vocesdebaires.com.ar\/index.php\/wp-json\/wp\/v2\/types\/post"}],"author":[{"embeddable":true,"href":"https:\/\/vocesdebaires.com.ar\/index.php\/wp-json\/wp\/v2\/users\/3"}],"replies":[{"embeddable":true,"href":"https:\/\/vocesdebaires.com.ar\/index.php\/wp-json\/wp\/v2\/comments?post=41069"}],"version-history":[{"count":2,"href":"https:\/\/vocesdebaires.com.ar\/index.php\/wp-json\/wp\/v2\/posts\/41069\/revisions"}],"predecessor-version":[{"id":41072,"href":"https:\/\/vocesdebaires.com.ar\/index.php\/wp-json\/wp\/v2\/posts\/41069\/revisions\/41072"}],"wp:featuredmedia":[{"embeddable":true,"href":"https:\/\/vocesdebaires.com.ar\/index.php\/wp-json\/wp\/v2\/media\/41070"}],"wp:attachment":[{"href":"https:\/\/vocesdebaires.com.ar\/index.php\/wp-json\/wp\/v2\/media?parent=41069"}],"wp:term":[{"taxonomy":"category","embeddable":true,"href":"https:\/\/vocesdebaires.com.ar\/index.php\/wp-json\/wp\/v2\/categories?post=41069"},{"taxonomy":"post_tag","embeddable":true,"href":"https:\/\/vocesdebaires.com.ar\/index.php\/wp-json\/wp\/v2\/tags?post=41069"}],"curies":[{"name":"wp","href":"https:\/\/api.w.org\/{rel}","templated":true}]}}