{"id":41074,"date":"2022-10-31T00:00:30","date_gmt":"2022-10-31T03:00:30","guid":{"rendered":"https:\/\/vocesdebaires.com.ar\/?p=41074"},"modified":"2022-10-30T19:03:27","modified_gmt":"2022-10-30T22:03:27","slug":"daia-y-el-municipio-de-tigre-inauguraran-la-muestra-legado","status":"publish","type":"post","link":"https:\/\/vocesdebaires.com.ar\/index.php\/2022\/10\/31\/daia-y-el-municipio-de-tigre-inauguraran-la-muestra-legado\/","title":{"rendered":"DAIA y el Municipio de Tigre inaugurar\u00e1n la muestra \u00abLegado\u00bb"},"content":{"rendered":"<p>La DAIA y el Municipio de Tigre inaugurar\u00e1n la muestra \u00abLegado\u00bb del artista visual Adri\u00e1n Levy Mem\u00fan el pr\u00f3ximo 2 de noviembre a las 12 hs., en el Museo de Arte Tigre (Av. Victorica 972, Tigre centro). La muestra se realizar\u00e1 en conmemoraci\u00f3n de la Noche de los Cristales Rotos, la ola de violentos pogroms anti-jud\u00edos que ocurrieron el 9 y el 10 de noviembre de 1938 por toda Alemania. Las obras estar\u00e1n expuestas durante noviembre.<\/p>\n","protected":false},"excerpt":{"rendered":"<p>La DAIA y el Municipio de Tigre inaugurar\u00e1n la muestra \u00abLegado\u00bb del artista visual Adri\u00e1n Levy Mem\u00fan el pr\u00f3ximo 2 de noviembre a las 12 hs., en el Museo de Arte Tigre (Av. Victorica 972, Tigre centro). La muestra se realizar\u00e1 en conmemoraci\u00f3n de la Noche de los Cristales Rotos, la ola de violentos pogroms [&hellip;]<\/p>\n","protected":false},"author":2,"featured_media":41075,"comment_status":"open","ping_status":"open","sticky":false,"template":"","format":"standard","meta":{"_et_pb_use_builder":"","_et_pb_old_content":"","_et_gb_content_width":"","footnotes":""},"categories":[11,33],"tags":[],"class_list":["post-41074","post","type-post","status-publish","format-standard","has-post-thumbnail","hentry","category-ciudad","category-sociedad-y-cultura-2"],"_links":{"self":[{"href":"https:\/\/vocesdebaires.com.ar\/index.php\/wp-json\/wp\/v2\/posts\/41074"}],"collection":[{"href":"https:\/\/vocesdebaires.com.ar\/index.php\/wp-json\/wp\/v2\/posts"}],"about":[{"href":"https:\/\/vocesdebaires.com.ar\/index.php\/wp-json\/wp\/v2\/types\/post"}],"author":[{"embeddable":true,"href":"https:\/\/vocesdebaires.com.ar\/index.php\/wp-json\/wp\/v2\/users\/2"}],"replies":[{"embeddable":true,"href":"https:\/\/vocesdebaires.com.ar\/index.php\/wp-json\/wp\/v2\/comments?post=41074"}],"version-history":[{"count":1,"href":"https:\/\/vocesdebaires.com.ar\/index.php\/wp-json\/wp\/v2\/posts\/41074\/revisions"}],"predecessor-version":[{"id":41076,"href":"https:\/\/vocesdebaires.com.ar\/index.php\/wp-json\/wp\/v2\/posts\/41074\/revisions\/41076"}],"wp:featuredmedia":[{"embeddable":true,"href":"https:\/\/vocesdebaires.com.ar\/index.php\/wp-json\/wp\/v2\/media\/41075"}],"wp:attachment":[{"href":"https:\/\/vocesdebaires.com.ar\/index.php\/wp-json\/wp\/v2\/media?parent=41074"}],"wp:term":[{"taxonomy":"category","embeddable":true,"href":"https:\/\/vocesdebaires.com.ar\/index.php\/wp-json\/wp\/v2\/categories?post=41074"},{"taxonomy":"post_tag","embeddable":true,"href":"https:\/\/vocesdebaires.com.ar\/index.php\/wp-json\/wp\/v2\/tags?post=41074"}],"curies":[{"name":"wp","href":"https:\/\/api.w.org\/{rel}","templated":true}]}}