{"id":41077,"date":"2022-10-31T00:00:59","date_gmt":"2022-10-31T03:00:59","guid":{"rendered":"https:\/\/vocesdebaires.com.ar\/?p=41077"},"modified":"2022-10-30T19:08:25","modified_gmt":"2022-10-30T22:08:25","slug":"estaciones-saludablessigue-la-campana-de-vacunacion-contra-el-sarampion","status":"publish","type":"post","link":"https:\/\/vocesdebaires.com.ar\/index.php\/2022\/10\/31\/estaciones-saludablessigue-la-campana-de-vacunacion-contra-el-sarampion\/","title":{"rendered":"Estaciones Saludables:Campa\u00f1a de vacunaci\u00f3n contra el sarampi\u00f3n"},"content":{"rendered":"<p>El 1 de octubre se comenzaron a aplicar dosis adicionales y obligatorias de las vacunas Triple Viral y Poliomiel\u00edtica Inactivada-IPV en la Ciudad de Buenos Aires. De ahora en m\u00e1s, con el objetivo de acercar la campa\u00f1a a m\u00e1s vecinos, se estar\u00e1 vacunando, a los menores de 13 meses a 4 a\u00f1os inclusive, en las Estaciones Saludables. Se podr\u00e1 asistir a estos puntos los s\u00e1bados, domingos y feriados, hasta el 13 de noviembre, sin turno previo. Concretamente, las Estaciones que se suman a la campa\u00f1a son: Rosedal (Iraola y<\/p>\n<p>Sarmiento), Parque Saavedra (Garc\u00eda del R\u00edo y Meli\u00e1n), Parque Centenario (Antonio Machado y Leopoldo Marechal) y Parque Patricios (Patagones y Monteagudo). Se trata de una dosis adicional a las establecidas en el Calendario de Vacunaci\u00f3n. La medida fue impulsada por el Ministerio de Salud de la Naci\u00f3n, frente al riesgo de reintroducci\u00f3n de enfermedades como sarampi\u00f3n, rub\u00e9ola y poliomielitis, que hab\u00edan sido eliminadas o controladas.<\/p>\n<p>Adem\u00e1s, la Ciudad contin\u00faa aplicando la vacuna en los distintos centros de salud p\u00fablicos, como los Hospitales y los CeSACs con turno previo mediante la turnera. Se deber\u00e1 elegir la posta de vacunaci\u00f3n y el horario. Al momento de asistir al vacunatorio se deber\u00e1 llevar el carnet de vacunaci\u00f3n, Documento Nacional de Identidad (DNI) y estar acompa\u00f1ado por una persona mayor a 18 a\u00f1os. No se requiere orden m\u00e9dica para recibir las vacunas.<\/p>\n<p><strong>La importancia de la vacuna Triple Viral<\/strong><br \/>\nLa vacuna Triple Viral est\u00e1 incluida en el Calendario Nacional de Vacunaci\u00f3n, a los 12 meses de edad y al ingreso escolar con 5 a\u00f1os. Protege contra los virus de sarampi\u00f3n, rub\u00e9ola y parotiditis. Las personas nacidas antes de 1965 no necesitan vacunarse ya que son consideradas inmunes. Por otra parte, las vacunas de la Campa\u00f1a se pueden aplicar junto con cualquier otra de calendario y a la vacuna contra el COVID-19. En el caso particular de la vacuna contra la Varicela, tambi\u00e9n puede ser aplicada en el mismo momento, pero de lo contrario, se deber\u00e1 esperar un mes para su aplicaci\u00f3n.<\/p>\n","protected":false},"excerpt":{"rendered":"<p>El 1 de octubre se comenzaron a aplicar dosis adicionales y obligatorias de las vacunas Triple Viral y Poliomiel\u00edtica Inactivada-IPV en la Ciudad de Buenos Aires. De ahora en m\u00e1s, con el objetivo de acercar la campa\u00f1a a m\u00e1s vecinos, se estar\u00e1 vacunando, a los menores de 13 meses a 4 a\u00f1os inclusive, en las [&hellip;]<\/p>\n","protected":false},"author":2,"featured_media":41078,"comment_status":"open","ping_status":"open","sticky":false,"template":"","format":"standard","meta":{"_et_pb_use_builder":"","_et_pb_old_content":"","_et_gb_content_width":"","footnotes":""},"categories":[11,33],"tags":[],"class_list":["post-41077","post","type-post","status-publish","format-standard","has-post-thumbnail","hentry","category-ciudad","category-sociedad-y-cultura-2"],"_links":{"self":[{"href":"https:\/\/vocesdebaires.com.ar\/index.php\/wp-json\/wp\/v2\/posts\/41077"}],"collection":[{"href":"https:\/\/vocesdebaires.com.ar\/index.php\/wp-json\/wp\/v2\/posts"}],"about":[{"href":"https:\/\/vocesdebaires.com.ar\/index.php\/wp-json\/wp\/v2\/types\/post"}],"author":[{"embeddable":true,"href":"https:\/\/vocesdebaires.com.ar\/index.php\/wp-json\/wp\/v2\/users\/2"}],"replies":[{"embeddable":true,"href":"https:\/\/vocesdebaires.com.ar\/index.php\/wp-json\/wp\/v2\/comments?post=41077"}],"version-history":[{"count":2,"href":"https:\/\/vocesdebaires.com.ar\/index.php\/wp-json\/wp\/v2\/posts\/41077\/revisions"}],"predecessor-version":[{"id":41080,"href":"https:\/\/vocesdebaires.com.ar\/index.php\/wp-json\/wp\/v2\/posts\/41077\/revisions\/41080"}],"wp:featuredmedia":[{"embeddable":true,"href":"https:\/\/vocesdebaires.com.ar\/index.php\/wp-json\/wp\/v2\/media\/41078"}],"wp:attachment":[{"href":"https:\/\/vocesdebaires.com.ar\/index.php\/wp-json\/wp\/v2\/media?parent=41077"}],"wp:term":[{"taxonomy":"category","embeddable":true,"href":"https:\/\/vocesdebaires.com.ar\/index.php\/wp-json\/wp\/v2\/categories?post=41077"},{"taxonomy":"post_tag","embeddable":true,"href":"https:\/\/vocesdebaires.com.ar\/index.php\/wp-json\/wp\/v2\/tags?post=41077"}],"curies":[{"name":"wp","href":"https:\/\/api.w.org\/{rel}","templated":true}]}}