{"id":4108,"date":"2019-01-04T03:00:00","date_gmt":"2019-01-04T06:00:00","guid":{"rendered":"http:\/\/vocesdebaires.com.ar\/wordpress\/index.php\/2019\/01\/04\/se-inauguro-la-primera-etapa-del-ecoparque\/"},"modified":"2019-01-04T03:00:00","modified_gmt":"2019-01-04T06:00:00","slug":"se-inauguro-la-primera-etapa-del-ecoparque","status":"publish","type":"post","link":"https:\/\/vocesdebaires.com.ar\/index.php\/2019\/01\/04\/se-inauguro-la-primera-etapa-del-ecoparque\/","title":{"rendered":"Se inaugur\u00f3 la primera etapa del Ecoparque"},"content":{"rendered":"<p>Se inaugur\u00f3 a fines de diciembre la primera etapa del Ecoparque, un nuevo espacio p\u00fablico con entrada gratuita que contar\u00e1 con numerosas propuestas para toda la familia, un lago renovado y un museo sobre el ex Zool\u00f3gico de la Ciudad. &quot;\u00c9ste no era un lugar para tener animales en cautiverio como estaban&quot;, hab\u00eda expresado Larreta. El objetivo es que todos los vecinos aprendan y disfruten sobre el cuidado de los animales y del ambiente natural, y estar\u00e1 abierto de jueves a domingo de 10 a 17 horas, con capacidad limitada.<\/p>\n<p>Adem\u00e1s, el Jefe de Gobierno porte\u00f1o hab\u00eda indicado que &quot;es un paso importante en el desaf\u00edo que nos planteamos hace dos a\u00f1os y medio&quot;, y agreg\u00f3: &quot;Cuando se inaugur\u00f3 el zool\u00f3gico estaba a las afueras de la Ciudad, y hoy \u00e9ste es el lugar de mayor flujo de colectivos, entonces era incompatible&quot;.<\/p>\n<p>&quot;Sab\u00edamos que iba a llevar tiempo, porque la prioridad es el cuidado de los animales, y eso incluye el traslado y definir ad\u00f3nde van&quot;, sostuvo. En esa l\u00ednea reconoci\u00f3 que &quot;ya se trasladaron m\u00e1s de 600&quot;, y resalt\u00f3: &quot;Tenemos un equipo s\u00faper comprometido, con cuidadores y veterinarios&quot;. &quot;Apuntamos a que \u00e9ste sea un lugar de transmisi\u00f3n de valores relacionados al cuidado de los animales y del medio ambiente. Dimos el primer paso&quot;, concluy\u00f3 Larreta.<\/p>\n<p>Foto de Sabrina Montero \/ GCBA \/ gv<br \/>Primera etapa del Ecoparque<\/p>\n","protected":false},"excerpt":{"rendered":"<p>Se inaugur\u00f3 a fines de diciembre la primera etapa del Ecoparque, un nuevo espacio p\u00fablico con entrada gratuita que contar\u00e1 con numerosas propuestas para toda la familia, un lago renovado y un museo sobre el ex Zool\u00f3gico de la Ciudad. &quot;\u00c9ste no era un lugar para tener animales en cautiverio como estaban&quot;, hab\u00eda expresado Larreta. [&hellip;]<\/p>\n","protected":false},"author":1,"featured_media":4109,"comment_status":"open","ping_status":"open","sticky":false,"template":"","format":"standard","meta":{"_et_pb_use_builder":"","_et_pb_old_content":"","_et_gb_content_width":"","footnotes":""},"categories":[11,32],"tags":[],"class_list":["post-4108","post","type-post","status-publish","format-standard","has-post-thumbnail","hentry","category-ciudad","category-comunas"],"_links":{"self":[{"href":"https:\/\/vocesdebaires.com.ar\/index.php\/wp-json\/wp\/v2\/posts\/4108"}],"collection":[{"href":"https:\/\/vocesdebaires.com.ar\/index.php\/wp-json\/wp\/v2\/posts"}],"about":[{"href":"https:\/\/vocesdebaires.com.ar\/index.php\/wp-json\/wp\/v2\/types\/post"}],"author":[{"embeddable":true,"href":"https:\/\/vocesdebaires.com.ar\/index.php\/wp-json\/wp\/v2\/users\/1"}],"replies":[{"embeddable":true,"href":"https:\/\/vocesdebaires.com.ar\/index.php\/wp-json\/wp\/v2\/comments?post=4108"}],"version-history":[{"count":0,"href":"https:\/\/vocesdebaires.com.ar\/index.php\/wp-json\/wp\/v2\/posts\/4108\/revisions"}],"wp:featuredmedia":[{"embeddable":true,"href":"https:\/\/vocesdebaires.com.ar\/index.php\/wp-json\/wp\/v2\/media\/4109"}],"wp:attachment":[{"href":"https:\/\/vocesdebaires.com.ar\/index.php\/wp-json\/wp\/v2\/media?parent=4108"}],"wp:term":[{"taxonomy":"category","embeddable":true,"href":"https:\/\/vocesdebaires.com.ar\/index.php\/wp-json\/wp\/v2\/categories?post=4108"},{"taxonomy":"post_tag","embeddable":true,"href":"https:\/\/vocesdebaires.com.ar\/index.php\/wp-json\/wp\/v2\/tags?post=4108"}],"curies":[{"name":"wp","href":"https:\/\/api.w.org\/{rel}","templated":true}]}}