{"id":41084,"date":"2022-10-31T00:00:32","date_gmt":"2022-10-31T03:00:32","guid":{"rendered":"https:\/\/vocesdebaires.com.ar\/?p=41084"},"modified":"2022-10-30T19:41:32","modified_gmt":"2022-10-30T22:41:32","slug":"amia-y-bbva-masterclass-gratuita-sobre-educacion-financiera","status":"publish","type":"post","link":"https:\/\/vocesdebaires.com.ar\/index.php\/2022\/10\/31\/amia-y-bbva-masterclass-gratuita-sobre-educacion-financiera\/","title":{"rendered":"AMIA y BBVA: Masterclass gratuita sobre educaci\u00f3n financiera"},"content":{"rendered":"<p>Gracias a una alianza entre el departamento de AMIA Joven y BBVA, ma\u00f1ana martes 1\u00b0 de noviembre, de 19 a 20, en la sede de Uriburu 650 se realizar\u00e1 una masterclass sobre educaci\u00f3n financiera. La capacitaci\u00f3n es gratuita y cuenta con cupos limitados. Para participar del encuentro es requisito tener entre 22 y 40 a\u00f1os, y completar el formulario de inscripci\u00f3n online que se encuentra aqu\u00ed. En esta capacitaci\u00f3n los participantes se interiorizar\u00e1n sobre c\u00f3mo armar un plan de negocios y aprender\u00e1n a administrar las finanzas de un proyecto. Tambi\u00e9n recibir\u00e1n recursos y herramientas para vender productos y servicios\u201d. \u201cEsta es una oportunidad \u00fanica para los j\u00f3venes que desean que su emprendimiento se potencie y crezca a\u00fan m\u00e1s\u201d, expres\u00f3 Flavia Zalcman, coordinadora de AMIA Joven. \u201cAdem\u00e1s, en este encuentro los j\u00f3venes podr\u00e1n compartir un espacio de networking donde se podr\u00e1n conectar con otros emprendedores\u201d, se\u00f1al\u00f3.<\/p>\n","protected":false},"excerpt":{"rendered":"<p>Gracias a una alianza entre el departamento de AMIA Joven y BBVA, ma\u00f1ana martes 1\u00b0 de noviembre, de 19 a 20, en la sede de Uriburu 650 se realizar\u00e1 una masterclass sobre educaci\u00f3n financiera. La capacitaci\u00f3n es gratuita y cuenta con cupos limitados. Para participar del encuentro es requisito tener entre 22 y 40 a\u00f1os, [&hellip;]<\/p>\n","protected":false},"author":2,"featured_media":41085,"comment_status":"open","ping_status":"open","sticky":false,"template":"","format":"standard","meta":{"_et_pb_use_builder":"","_et_pb_old_content":"","_et_gb_content_width":"","footnotes":""},"categories":[11,33],"tags":[],"class_list":["post-41084","post","type-post","status-publish","format-standard","has-post-thumbnail","hentry","category-ciudad","category-sociedad-y-cultura-2"],"_links":{"self":[{"href":"https:\/\/vocesdebaires.com.ar\/index.php\/wp-json\/wp\/v2\/posts\/41084"}],"collection":[{"href":"https:\/\/vocesdebaires.com.ar\/index.php\/wp-json\/wp\/v2\/posts"}],"about":[{"href":"https:\/\/vocesdebaires.com.ar\/index.php\/wp-json\/wp\/v2\/types\/post"}],"author":[{"embeddable":true,"href":"https:\/\/vocesdebaires.com.ar\/index.php\/wp-json\/wp\/v2\/users\/2"}],"replies":[{"embeddable":true,"href":"https:\/\/vocesdebaires.com.ar\/index.php\/wp-json\/wp\/v2\/comments?post=41084"}],"version-history":[{"count":1,"href":"https:\/\/vocesdebaires.com.ar\/index.php\/wp-json\/wp\/v2\/posts\/41084\/revisions"}],"predecessor-version":[{"id":41086,"href":"https:\/\/vocesdebaires.com.ar\/index.php\/wp-json\/wp\/v2\/posts\/41084\/revisions\/41086"}],"wp:featuredmedia":[{"embeddable":true,"href":"https:\/\/vocesdebaires.com.ar\/index.php\/wp-json\/wp\/v2\/media\/41085"}],"wp:attachment":[{"href":"https:\/\/vocesdebaires.com.ar\/index.php\/wp-json\/wp\/v2\/media?parent=41084"}],"wp:term":[{"taxonomy":"category","embeddable":true,"href":"https:\/\/vocesdebaires.com.ar\/index.php\/wp-json\/wp\/v2\/categories?post=41084"},{"taxonomy":"post_tag","embeddable":true,"href":"https:\/\/vocesdebaires.com.ar\/index.php\/wp-json\/wp\/v2\/tags?post=41084"}],"curies":[{"name":"wp","href":"https:\/\/api.w.org\/{rel}","templated":true}]}}