{"id":41094,"date":"2022-11-02T00:00:51","date_gmt":"2022-11-02T03:00:51","guid":{"rendered":"https:\/\/vocesdebaires.com.ar\/?p=41094"},"modified":"2022-11-01T23:54:31","modified_gmt":"2022-11-02T02:54:31","slug":"ciudadllega-la-expo-joven-con-oportunidades-laborales-y-de-formacion","status":"publish","type":"post","link":"https:\/\/vocesdebaires.com.ar\/index.php\/2022\/11\/02\/ciudadllega-la-expo-joven-con-oportunidades-laborales-y-de-formacion\/","title":{"rendered":"Llega la Expo Joven, con oportunidades laborales y de formaci\u00f3n"},"content":{"rendered":"<p>La Expo Joven ser\u00e1 un encuentro organizado por el Ministerio de Desarrollo Econ\u00f3mico y Producci\u00f3n destinado a j\u00f3venes de entre 16 y 35 a\u00f1os, a quienes se les brindar\u00e1 herramientas para acercarse a su vocaci\u00f3n y diversos espacios donde podr\u00e1n capacitarse, encontrar ofertas de formaci\u00f3n, oportunidades laborales y talleres para entrar a un mercado laboral cada vez m\u00e1s competitivo.El evento tendr\u00e1 lugar los d\u00edas 3 y 4 de noviembre en la Usina del Arte, entre las 10 y las 20 horas. Las entradas se reservar\u00e1n en el formulario que se encuentra debajo, y los cupos ser\u00e1n limitados. Para llegar, las l\u00edneas de colectivo que te acercan son: 4, 10, 20, 24, 25, 29, 33, 53, 64, 86, 102, 129, 130, 152, 159, 168 y 195.<\/p>\n<p>En el mismo, los j\u00f3venes podr\u00e1n acceder a talleres de empleabilidad, participar de workshops con empresas, instituciones educativas y ONGs, asistir a charlas y conferencias con personalidades destacadas y poner a prueba sus habilidades a trav\u00e9s de diferentes propuestas l\u00fadicas como: Nawaiam, juegos ambientales, deportes urbanos, entre otros. Adem\u00e1s, se ofrecer\u00e1n espacios de recreaci\u00f3n, cultura y food trucks.<\/p>\n<p>En la Expo se asesorar\u00e1 a j\u00f3venes para una b\u00fasqueda laboral eficaz, mejorar la confecci\u00f3n de su CV, prepararse para una entrevista laboral y poder profundizar sobre c\u00f3mo contar su historia en un mundo totalmente digitalizado, adem\u00e1s de acercarlos a su vocaci\u00f3n e intereses y brindarles herramientas para potenciar su desarrollo personal y profesional. Contaremos con la participaci\u00f3n de m\u00e1s de 80 empresas, 30 instituciones educativas y ONGs.<\/p>\n<p>El evento contar\u00e1 con un espacio virtual que comienza el 3 de noviembre, y se extender\u00e1 por el lapso de dos semanas. Quienes ingresen podr\u00e1n acceder a diferentes talleres para la empleabilidad en los que podr\u00e1n adquirir herramientas relativas a la organizaci\u00f3n y planificaci\u00f3n, el trabajo en equipo, comunicaci\u00f3n asertiva en una entrevista laboral, entre otras. Tambi\u00e9n podr\u00e1n obtener informaci\u00f3n de empresas y becas disponibles y contar\u00e1n con contenido asincr\u00f3nico de armado de CV, entrevista laboral virtual y conferencias. Adem\u00e1s, se habilitar\u00e1 la postulaci\u00f3n a oportunidades laborales y becas de formaci\u00f3n.<\/p>\n<p>Sumate Ahora: https:\/\/www.formulariosgcba.gob.ar\/BGWQPZAOwQGa1XMwn624\/canal\/mailing<\/p>\n","protected":false},"excerpt":{"rendered":"<p>La Expo Joven ser\u00e1 un encuentro organizado por el Ministerio de Desarrollo Econ\u00f3mico y Producci\u00f3n destinado a j\u00f3venes de entre 16 y 35 a\u00f1os, a quienes se les brindar\u00e1 herramientas para acercarse a su vocaci\u00f3n y diversos espacios donde podr\u00e1n capacitarse, encontrar ofertas de formaci\u00f3n, oportunidades laborales y talleres para entrar a un mercado laboral [&hellip;]<\/p>\n","protected":false},"author":3,"featured_media":41095,"comment_status":"open","ping_status":"open","sticky":false,"template":"","format":"standard","meta":{"_et_pb_use_builder":"","_et_pb_old_content":"","_et_gb_content_width":"","footnotes":""},"categories":[11,33],"tags":[],"class_list":["post-41094","post","type-post","status-publish","format-standard","has-post-thumbnail","hentry","category-ciudad","category-sociedad-y-cultura-2"],"_links":{"self":[{"href":"https:\/\/vocesdebaires.com.ar\/index.php\/wp-json\/wp\/v2\/posts\/41094"}],"collection":[{"href":"https:\/\/vocesdebaires.com.ar\/index.php\/wp-json\/wp\/v2\/posts"}],"about":[{"href":"https:\/\/vocesdebaires.com.ar\/index.php\/wp-json\/wp\/v2\/types\/post"}],"author":[{"embeddable":true,"href":"https:\/\/vocesdebaires.com.ar\/index.php\/wp-json\/wp\/v2\/users\/3"}],"replies":[{"embeddable":true,"href":"https:\/\/vocesdebaires.com.ar\/index.php\/wp-json\/wp\/v2\/comments?post=41094"}],"version-history":[{"count":2,"href":"https:\/\/vocesdebaires.com.ar\/index.php\/wp-json\/wp\/v2\/posts\/41094\/revisions"}],"predecessor-version":[{"id":41097,"href":"https:\/\/vocesdebaires.com.ar\/index.php\/wp-json\/wp\/v2\/posts\/41094\/revisions\/41097"}],"wp:featuredmedia":[{"embeddable":true,"href":"https:\/\/vocesdebaires.com.ar\/index.php\/wp-json\/wp\/v2\/media\/41095"}],"wp:attachment":[{"href":"https:\/\/vocesdebaires.com.ar\/index.php\/wp-json\/wp\/v2\/media?parent=41094"}],"wp:term":[{"taxonomy":"category","embeddable":true,"href":"https:\/\/vocesdebaires.com.ar\/index.php\/wp-json\/wp\/v2\/categories?post=41094"},{"taxonomy":"post_tag","embeddable":true,"href":"https:\/\/vocesdebaires.com.ar\/index.php\/wp-json\/wp\/v2\/tags?post=41094"}],"curies":[{"name":"wp","href":"https:\/\/api.w.org\/{rel}","templated":true}]}}