{"id":41098,"date":"2022-11-02T00:00:15","date_gmt":"2022-11-02T03:00:15","guid":{"rendered":"https:\/\/vocesdebaires.com.ar\/?p=41098"},"modified":"2022-11-02T00:01:01","modified_gmt":"2022-11-02T03:01:01","slug":"larreta-entrego-30-nuevas-motos-para-reforzar-la-prevencion","status":"publish","type":"post","link":"https:\/\/vocesdebaires.com.ar\/index.php\/2022\/11\/02\/larreta-entrego-30-nuevas-motos-para-reforzar-la-prevencion\/","title":{"rendered":"Larreta entreg\u00f3 30 nuevas motos para reforzar la prevenci\u00f3n"},"content":{"rendered":"<p>El jefe de Gobierno porte\u00f1o, Horacio Rodr\u00edguez Larreta, encabez\u00f3 ayer martes en Palermo la entrega de 30 nuevas motos a la Direcci\u00f3n de Operaciones Motorizadas de la Polic\u00eda de la Ciudad y ratific\u00f3 su convicci\u00f3n de que \u201cjuntos podemos construir\u201d un pa\u00eds en el que se pueda \u201cvivir en paz, en libertad y sin miedo\u201d, y con todos los argentinos \u201cm\u00e1s unidos, sin grietas ni divisiones\u201d. Larreta se\u00f1al\u00f3 que esa es una tarea \u201cque nos tiene que convocar a todos\u201d para dar vuelta la historia y consolidar \u201cel crecimiento a partir de la fuerza del trabajo, la educaci\u00f3n y una econom\u00eda estable\u201d.<\/p>\n<p>Rodr\u00edguez Larreta habl\u00f3 durante la entrega de las motocicletas, a la que se sumaron adem\u00e1s 10 bicicletas el\u00e9ctricas para tareas de patrullaje, y estuvo acompa\u00f1ado por el jefe de Gabinete, Felipe Miguel, y por el ministro de Seguridad y Justicia, Marcelo D\u2019 Alessandro. La Direcci\u00f3n de Operaciones Motorizadas de la Polic\u00eda de la Ciudad es parte fundamental del Sistema Integral de Seguridad P\u00fablica apoyado en equipamiento y tecnolog\u00eda y trabaja diariamente en la prevenci\u00f3n de los delitos que cometen motochorros.<\/p>\n<p>El patrullaje est\u00e1 orientado mayormente hacia las zonas de la Ciudad que, de acuerdo a los datos que surgen del Mapa del Delito, muestran mayor incidencia de este tipo de hechos. Y trabaja junto a las comisar\u00edas a fin de ocupar m\u00e1s espacio de patrullaje y garantizar mayores niveles de prevenci\u00f3n. En la Ciudad el robo con motos baj\u00f3 51 % desde el primer a\u00f1o de la actual gesti\u00f3n en 2016. Las \u00e1reas intervinientes son la Direcci\u00f3n de Operaciones Motorizadas, personal en moto de las 15 Comisar\u00edas Comunales y las 45 Comisar\u00edas Vecinales, operadores de Video Vigilancia y Anillo Digital y Comando y Control de la Direcci\u00f3n de Gesti\u00f3n de Emergencias Policiales.<\/p>\n<p>Las estad\u00edsticas demuestran que a partir de la acci\u00f3n coordinada e integrada de toda esta infraestructura de vigilancia y control hoy es casi imposible que un motochorro que rob\u00f3 en el microcentro llegue a cruzar a la provincia. Por eso el delito en moto viene disminuyendo a\u00f1o a a\u00f1o. Lo que hacen generalmente es marcar a sus potenciales v\u00edctimas en la Ciudad y seguirlas en su recorrido hacia la Provincia.<\/p>\n<p>Todos los d\u00edas salen a efectuar patrullajes desde la base del cuerpo motorizado en el barrio de Almagro entre 100 y 120 motos que detienen en promedio entre 4 y 5 delincuentes por jornada. Cada piloto conduce durante 12 horas por d\u00eda trabajado y luego dispone de 36 horas de descanso. Los modelos de unidades que se utilizan son motos BMW F 750 GS y BMW F 850 GS.<br \/>\nNo se hacen controles est\u00e1ticos, sino que las motos est\u00e1n siempre en movimiento. Este servicio permiti\u00f3 el descenso del robo en moto y la desarticulaci\u00f3n de bandas dedicadas al robo de relojes.<\/p>\n<p>Formar un piloto para la Divisi\u00f3n implica un a\u00f1o de trabajo. Deben realizar un curso en el Instituto Superior de Seguridad P\u00fablica y distintas capacitaciones anuales. Es un cuerpo que cuenta siempre con un alto n\u00famero de lesionados, fundamentalmente por el &#8216;modus operandi&#8217; que caracteriza a los motochorros. La Direcci\u00f3n tambi\u00e9n cuenta con una Unidad Motorizada Femenina orientada al recorrido de escuelas y zonas tur\u00edsticas, adem\u00e1s de combatir el delito como cualquier oficial.<\/p>\n<p>Fotos: Walter Carrera y Marcos \/ GCBA<\/p>\n","protected":false},"excerpt":{"rendered":"<p>El jefe de Gobierno porte\u00f1o, Horacio Rodr\u00edguez Larreta, encabez\u00f3 ayer martes en Palermo la entrega de 30 nuevas motos a la Direcci\u00f3n de Operaciones Motorizadas de la Polic\u00eda de la Ciudad y ratific\u00f3 su convicci\u00f3n de que \u201cjuntos podemos construir\u201d un pa\u00eds en el que se pueda \u201cvivir en paz, en libertad y sin miedo\u201d, [&hellip;]<\/p>\n","protected":false},"author":3,"featured_media":41099,"comment_status":"open","ping_status":"open","sticky":false,"template":"","format":"standard","meta":{"_et_pb_use_builder":"","_et_pb_old_content":"","_et_gb_content_width":"","footnotes":""},"categories":[11,33],"tags":[],"class_list":["post-41098","post","type-post","status-publish","format-standard","has-post-thumbnail","hentry","category-ciudad","category-sociedad-y-cultura-2"],"_links":{"self":[{"href":"https:\/\/vocesdebaires.com.ar\/index.php\/wp-json\/wp\/v2\/posts\/41098"}],"collection":[{"href":"https:\/\/vocesdebaires.com.ar\/index.php\/wp-json\/wp\/v2\/posts"}],"about":[{"href":"https:\/\/vocesdebaires.com.ar\/index.php\/wp-json\/wp\/v2\/types\/post"}],"author":[{"embeddable":true,"href":"https:\/\/vocesdebaires.com.ar\/index.php\/wp-json\/wp\/v2\/users\/3"}],"replies":[{"embeddable":true,"href":"https:\/\/vocesdebaires.com.ar\/index.php\/wp-json\/wp\/v2\/comments?post=41098"}],"version-history":[{"count":1,"href":"https:\/\/vocesdebaires.com.ar\/index.php\/wp-json\/wp\/v2\/posts\/41098\/revisions"}],"predecessor-version":[{"id":41100,"href":"https:\/\/vocesdebaires.com.ar\/index.php\/wp-json\/wp\/v2\/posts\/41098\/revisions\/41100"}],"wp:featuredmedia":[{"embeddable":true,"href":"https:\/\/vocesdebaires.com.ar\/index.php\/wp-json\/wp\/v2\/media\/41099"}],"wp:attachment":[{"href":"https:\/\/vocesdebaires.com.ar\/index.php\/wp-json\/wp\/v2\/media?parent=41098"}],"wp:term":[{"taxonomy":"category","embeddable":true,"href":"https:\/\/vocesdebaires.com.ar\/index.php\/wp-json\/wp\/v2\/categories?post=41098"},{"taxonomy":"post_tag","embeddable":true,"href":"https:\/\/vocesdebaires.com.ar\/index.php\/wp-json\/wp\/v2\/tags?post=41098"}],"curies":[{"name":"wp","href":"https:\/\/api.w.org\/{rel}","templated":true}]}}