{"id":41102,"date":"2022-11-02T00:07:39","date_gmt":"2022-11-02T03:07:39","guid":{"rendered":"https:\/\/vocesdebaires.com.ar\/?p=41102"},"modified":"2022-11-02T00:07:39","modified_gmt":"2022-11-02T03:07:39","slug":"legislatura-portena-se-realizo-la-muestra-celebramos-el-orgullo","status":"publish","type":"post","link":"https:\/\/vocesdebaires.com.ar\/index.php\/2022\/11\/02\/legislatura-portena-se-realizo-la-muestra-celebramos-el-orgullo\/","title":{"rendered":"Legislatura porte\u00f1a :Se realizo la muestra \u201cCelebramos El Orgullo\u201d"},"content":{"rendered":"<p>En el marco de la Semana del Orgullo, la Legislatura de la Ciudad inaugur\u00f3 la exposici\u00f3n de arte \u201cCelebramos el Orgullo\u201d, dentro del sal\u00f3n San Mart\u00edn. El acto cont\u00f3 con la presencia del vicepresidente 1\u00b0 Emmanuel Ferrario, el diputado nacional Maximiliano Ferraro y la secretaria Administrativa Florencia Romano.\u201cLa diversidad es un valor fundamental de nuestra ciudad y desde las distintas instituciones tenemos que hacer todo nuestro trabajo disponible y posible para seguir fortaleci\u00e9ndola. Y en c\u00f3mo es una fortaleza de nuestra ciudad\u201d, destac\u00f3 Ferrario. Y agreg\u00f3 que la diversidad tiene distintas manifestaciones \u201cy una de las interpretaciones es a trav\u00e9s de la Cultura\u201d.<\/p>\n<p>Luego, Ferraro subray\u00f3: \u201ccelebrar el orgullo, como bien dice la palabra es algo de celebraci\u00f3n. Pero tambi\u00e9n de reivindicaci\u00f3n y de planteo de las cosas que todav\u00eda nos faltan conseguir, tanto en la Ciudad como a nivel nacional\u201d. Y pidi\u00f3 que estas actividades sirvan \u201cpara seguir abrazando lo que es la agenda de las distintas diversidades que conviven en nuestra Ciudad\u201d. Por \u00faltimo, Romano resalt\u00f3: \u201cla muestra transmite lo que se busca de la diversidad, de la importancia de la igualdad y de generar una Legislatura m\u00e1s inclusiva\u201d.<\/p>\n<p>A su vez, inform\u00f3 que desde el Palacio Municipal las distintas iniciativas que se llevan a cabo dentro del plan de inclusi\u00f3n y diversidad, como el trabajo sobre los protocolos de violencia laboral con perspectiva de g\u00e9nero, la generaci\u00f3n de formularios que sea inclusivos, la reinaguriaci\u00f3n de la sala de familia y el desarrollo de capacitaciones, entre otros. \u201cEstoy orgullosa del trabajo que estamos llevando adelante\u201d, concluy\u00f3 la secretaria administrativa. La muestra cuenta con varias obras de arte hechas por diez artistas. A trav\u00e9s de distintas t\u00e9cnicas, como la pintura, la fotograf\u00eda, la exhibici\u00f3n refleja varios conceptos como la identidad sexual, las personas libres y lo din\u00e1mico del ser, la denuncia, la belleza, lo colectivo, lo individual, el orgullo y la igualdad.<\/p>\n","protected":false},"excerpt":{"rendered":"<p>En el marco de la Semana del Orgullo, la Legislatura de la Ciudad inaugur\u00f3 la exposici\u00f3n de arte \u201cCelebramos el Orgullo\u201d, dentro del sal\u00f3n San Mart\u00edn. El acto cont\u00f3 con la presencia del vicepresidente 1\u00b0 Emmanuel Ferrario, el diputado nacional Maximiliano Ferraro y la secretaria Administrativa Florencia Romano.\u201cLa diversidad es un valor fundamental de nuestra [&hellip;]<\/p>\n","protected":false},"author":2,"featured_media":41103,"comment_status":"open","ping_status":"open","sticky":false,"template":"","format":"standard","meta":{"_et_pb_use_builder":"","_et_pb_old_content":"","_et_gb_content_width":"","footnotes":""},"categories":[11,33],"tags":[],"class_list":["post-41102","post","type-post","status-publish","format-standard","has-post-thumbnail","hentry","category-ciudad","category-sociedad-y-cultura-2"],"_links":{"self":[{"href":"https:\/\/vocesdebaires.com.ar\/index.php\/wp-json\/wp\/v2\/posts\/41102"}],"collection":[{"href":"https:\/\/vocesdebaires.com.ar\/index.php\/wp-json\/wp\/v2\/posts"}],"about":[{"href":"https:\/\/vocesdebaires.com.ar\/index.php\/wp-json\/wp\/v2\/types\/post"}],"author":[{"embeddable":true,"href":"https:\/\/vocesdebaires.com.ar\/index.php\/wp-json\/wp\/v2\/users\/2"}],"replies":[{"embeddable":true,"href":"https:\/\/vocesdebaires.com.ar\/index.php\/wp-json\/wp\/v2\/comments?post=41102"}],"version-history":[{"count":2,"href":"https:\/\/vocesdebaires.com.ar\/index.php\/wp-json\/wp\/v2\/posts\/41102\/revisions"}],"predecessor-version":[{"id":41105,"href":"https:\/\/vocesdebaires.com.ar\/index.php\/wp-json\/wp\/v2\/posts\/41102\/revisions\/41105"}],"wp:featuredmedia":[{"embeddable":true,"href":"https:\/\/vocesdebaires.com.ar\/index.php\/wp-json\/wp\/v2\/media\/41103"}],"wp:attachment":[{"href":"https:\/\/vocesdebaires.com.ar\/index.php\/wp-json\/wp\/v2\/media?parent=41102"}],"wp:term":[{"taxonomy":"category","embeddable":true,"href":"https:\/\/vocesdebaires.com.ar\/index.php\/wp-json\/wp\/v2\/categories?post=41102"},{"taxonomy":"post_tag","embeddable":true,"href":"https:\/\/vocesdebaires.com.ar\/index.php\/wp-json\/wp\/v2\/tags?post=41102"}],"curies":[{"name":"wp","href":"https:\/\/api.w.org\/{rel}","templated":true}]}}