{"id":41109,"date":"2022-11-02T00:19:19","date_gmt":"2022-11-02T03:19:19","guid":{"rendered":"https:\/\/vocesdebaires.com.ar\/?p=41109"},"modified":"2022-11-02T00:19:19","modified_gmt":"2022-11-02T03:19:19","slug":"legislaturapremio-al-libro-libres-guia-para-infancias","status":"publish","type":"post","link":"https:\/\/vocesdebaires.com.ar\/index.php\/2022\/11\/02\/legislaturapremio-al-libro-libres-guia-para-infancias\/","title":{"rendered":"Legislatura:Premi\u00f3 al libro \u201cLibres Gu\u00eda para Infancias\u201d"},"content":{"rendered":"<p>El libro \u201cLibres: gu\u00eda para infancias rebeldes\u201d recibi\u00f3 el diploma de inter\u00e9s legislativo el pasado lunes por la tarde en el Sal\u00f3n Montevideo del Palacio de manos de la diputada Natalia Fidel (Vamos Juntos) quien fue la precursora de la iniciativa. Participaron del evento las protagonistas de la obra: la autora del libro Debbie Maniowicz, la editora Alejandra Procupet, la psic\u00f3loga perinatal Sof\u00eda Lewicki, y la ilustradora Mariana \u201cPup\u00e9\u201d Pereyra.<\/p>\n<p>Al comenzar el acto, Fidel expres\u00f3: \u201cEsta gu\u00eda ayuda a los padres y pone en debate cu\u00e1l es el orden establecido, cuestiona algunos patrones y nos hace repensar la forma en la que educamos a nuestros hijos haciendo consiente estos sesgos que reproducimos sin cuestionamientos\u201d. Por otra parte, Debbie Maniowicz enfatiz\u00f3 sobre la necesidad de abordar la diversidad en las estructuras familiares y relacionales que se observan en el entorno educativo. \u201cEn el colegio se ven otras realidades donde hay dos pap\u00e1s, hay uno que se borr\u00f3, una abuela viviendo con la familia, pero cuando se prende la tele se reflejan estereotipos, por eso creemos que todas las infancias tienen que ser reflejadas en los libros\u201d, sostuvo.<\/p>\n<p>En cuanto a escenarios parentales diversos, la ilustradora Mariana \u201cPup\u00e9\u201d Pereyra resalt\u00f3: \u201cretratamos una foto de amor de familias que se aman, que escapan de la norma y la hegemon\u00eda. Pudimos poner en jaque la \u00b4normalidad\u00b4\u201d. Para finalizar, la psic\u00f3loga perinatal Sof\u00eda Lewicki reflexion\u00f3 sobre el trato de los adultos hacia las infancias. \u201cEsta obra nos invita a sacar al ni\u00f1o del lugar de inocencia. No necesitamos m\u00e1s material que pongan a los ni\u00f1os en lugares de pasividad y carentes de pensamiento. Este libro toma a los ni\u00f1os como sujetos y pensantes\u201d, concluy\u00f3.<\/p>\n","protected":false},"excerpt":{"rendered":"<p>El libro \u201cLibres: gu\u00eda para infancias rebeldes\u201d recibi\u00f3 el diploma de inter\u00e9s legislativo el pasado lunes por la tarde en el Sal\u00f3n Montevideo del Palacio de manos de la diputada Natalia Fidel (Vamos Juntos) quien fue la precursora de la iniciativa. Participaron del evento las protagonistas de la obra: la autora del libro Debbie Maniowicz, [&hellip;]<\/p>\n","protected":false},"author":2,"featured_media":41110,"comment_status":"open","ping_status":"open","sticky":false,"template":"","format":"standard","meta":{"_et_pb_use_builder":"","_et_pb_old_content":"","_et_gb_content_width":"","footnotes":""},"categories":[11,33],"tags":[],"class_list":["post-41109","post","type-post","status-publish","format-standard","has-post-thumbnail","hentry","category-ciudad","category-sociedad-y-cultura-2"],"_links":{"self":[{"href":"https:\/\/vocesdebaires.com.ar\/index.php\/wp-json\/wp\/v2\/posts\/41109"}],"collection":[{"href":"https:\/\/vocesdebaires.com.ar\/index.php\/wp-json\/wp\/v2\/posts"}],"about":[{"href":"https:\/\/vocesdebaires.com.ar\/index.php\/wp-json\/wp\/v2\/types\/post"}],"author":[{"embeddable":true,"href":"https:\/\/vocesdebaires.com.ar\/index.php\/wp-json\/wp\/v2\/users\/2"}],"replies":[{"embeddable":true,"href":"https:\/\/vocesdebaires.com.ar\/index.php\/wp-json\/wp\/v2\/comments?post=41109"}],"version-history":[{"count":1,"href":"https:\/\/vocesdebaires.com.ar\/index.php\/wp-json\/wp\/v2\/posts\/41109\/revisions"}],"predecessor-version":[{"id":41111,"href":"https:\/\/vocesdebaires.com.ar\/index.php\/wp-json\/wp\/v2\/posts\/41109\/revisions\/41111"}],"wp:featuredmedia":[{"embeddable":true,"href":"https:\/\/vocesdebaires.com.ar\/index.php\/wp-json\/wp\/v2\/media\/41110"}],"wp:attachment":[{"href":"https:\/\/vocesdebaires.com.ar\/index.php\/wp-json\/wp\/v2\/media?parent=41109"}],"wp:term":[{"taxonomy":"category","embeddable":true,"href":"https:\/\/vocesdebaires.com.ar\/index.php\/wp-json\/wp\/v2\/categories?post=41109"},{"taxonomy":"post_tag","embeddable":true,"href":"https:\/\/vocesdebaires.com.ar\/index.php\/wp-json\/wp\/v2\/tags?post=41109"}],"curies":[{"name":"wp","href":"https:\/\/api.w.org\/{rel}","templated":true}]}}