{"id":41116,"date":"2022-11-02T00:26:30","date_gmt":"2022-11-02T03:26:30","guid":{"rendered":"https:\/\/vocesdebaires.com.ar\/?p=41116"},"modified":"2022-11-02T00:26:30","modified_gmt":"2022-11-02T03:26:30","slug":"el-jefe-de-gobierno-porteno-junto-a-empresarios-y-academicos","status":"publish","type":"post","link":"https:\/\/vocesdebaires.com.ar\/index.php\/2022\/11\/02\/el-jefe-de-gobierno-porteno-junto-a-empresarios-y-academicos\/","title":{"rendered":"El Jefe de Gobierno porte\u00f1o, junto a empresarios y acad\u00e9micos"},"content":{"rendered":"<p>Horacio Rodr\u00edguez Larreta particip\u00f3 ayer martes de un almuerzo en el Instituto Iberoamericano para la Educaci\u00f3n y la Productividad, donde plante\u00f3 su visi\u00f3n de cara al futuro del pa\u00eds. \u00abEstoy convencido de algo: la \u00fanica manera de sacar a la Argentina adelante es si logramos romper con la grieta, si logramos un acuerdo m\u00e1s amplio, si armamos un plan y lo sostenemos por 30 a\u00f1os. Hace 80 a\u00f1os que en la Argentina no se logra esto, ni siquiera algo parecido.<\/p>\n<p>Si seguimos como hasta ahora, no vamos a tener ninguna chance\u00bb, dijo el Jefe de Gobierno porte\u00f1o. Este instituto, creado en 2019, busca mejorar la competitividad y la productividad a trav\u00e9s de la cooperaci\u00f3n. Aglutina al sector empresarial y acad\u00e9mico, as\u00ed como tambi\u00e9n a las principales organizaciones del \u00e1mbito de la educaci\u00f3n y el desarrollo socio-econ\u00f3mico. Entre los presentes estuvo la embajadora de Espa\u00f1a en Argentina, Mar\u00eda Jes\u00fas Alonso Jim\u00e9nez, adem\u00e1s de Luis Scasso, Marta Pujadas, Daniel Herrero, Jos\u00e9 Urtubey y Amador S\u00e1nchez Rico.<\/p>\n<p>Rodr\u00edguez Larreta plante\u00f3 que \u00abArgentina es uno de los pocos pa\u00edses en el mundo que involucionaron en su nivel de desarrollo. Por eso tenemos que hacer algo distinto, porque si hacemos lo mismo, el resultado ser\u00e1 el mismo: otra frustraci\u00f3n. Entonces tenemos que lograr construir un consenso, un acuerdo pol\u00edtico amplio, que apoye un plan y que ese plan se sostenga en el tiempo\u00bb. Se escucharon propuestas para encarar un futuro mejor, desde la innovaci\u00f3n y el conocimiento. Concretamente, promover acciones para impulsar el crecimiento econ\u00f3mico por medio del tejido empresarial y el fomento de la confianza global en Iberoam\u00e9rica.<\/p>\n<p>Fotos: Marcos Brindicci\u00a0 \/ GCBA<\/p>\n","protected":false},"excerpt":{"rendered":"<p>Horacio Rodr\u00edguez Larreta particip\u00f3 ayer martes de un almuerzo en el Instituto Iberoamericano para la Educaci\u00f3n y la Productividad, donde plante\u00f3 su visi\u00f3n de cara al futuro del pa\u00eds. \u00abEstoy convencido de algo: la \u00fanica manera de sacar a la Argentina adelante es si logramos romper con la grieta, si logramos un acuerdo m\u00e1s amplio, [&hellip;]<\/p>\n","protected":false},"author":2,"featured_media":41117,"comment_status":"open","ping_status":"open","sticky":false,"template":"","format":"standard","meta":{"_et_pb_use_builder":"","_et_pb_old_content":"","_et_gb_content_width":"","footnotes":""},"categories":[11,33],"tags":[],"class_list":["post-41116","post","type-post","status-publish","format-standard","has-post-thumbnail","hentry","category-ciudad","category-sociedad-y-cultura-2"],"_links":{"self":[{"href":"https:\/\/vocesdebaires.com.ar\/index.php\/wp-json\/wp\/v2\/posts\/41116"}],"collection":[{"href":"https:\/\/vocesdebaires.com.ar\/index.php\/wp-json\/wp\/v2\/posts"}],"about":[{"href":"https:\/\/vocesdebaires.com.ar\/index.php\/wp-json\/wp\/v2\/types\/post"}],"author":[{"embeddable":true,"href":"https:\/\/vocesdebaires.com.ar\/index.php\/wp-json\/wp\/v2\/users\/2"}],"replies":[{"embeddable":true,"href":"https:\/\/vocesdebaires.com.ar\/index.php\/wp-json\/wp\/v2\/comments?post=41116"}],"version-history":[{"count":1,"href":"https:\/\/vocesdebaires.com.ar\/index.php\/wp-json\/wp\/v2\/posts\/41116\/revisions"}],"predecessor-version":[{"id":41118,"href":"https:\/\/vocesdebaires.com.ar\/index.php\/wp-json\/wp\/v2\/posts\/41116\/revisions\/41118"}],"wp:featuredmedia":[{"embeddable":true,"href":"https:\/\/vocesdebaires.com.ar\/index.php\/wp-json\/wp\/v2\/media\/41117"}],"wp:attachment":[{"href":"https:\/\/vocesdebaires.com.ar\/index.php\/wp-json\/wp\/v2\/media?parent=41116"}],"wp:term":[{"taxonomy":"category","embeddable":true,"href":"https:\/\/vocesdebaires.com.ar\/index.php\/wp-json\/wp\/v2\/categories?post=41116"},{"taxonomy":"post_tag","embeddable":true,"href":"https:\/\/vocesdebaires.com.ar\/index.php\/wp-json\/wp\/v2\/tags?post=41116"}],"curies":[{"name":"wp","href":"https:\/\/api.w.org\/{rel}","templated":true}]}}