{"id":41120,"date":"2022-11-03T00:40:40","date_gmt":"2022-11-03T03:40:40","guid":{"rendered":"https:\/\/vocesdebaires.com.ar\/?p=41120"},"modified":"2022-11-03T00:40:40","modified_gmt":"2022-11-03T03:40:40","slug":"legislatura-portena-debatiran-hoy-tematica-de-transito-y-transporte","status":"publish","type":"post","link":"https:\/\/vocesdebaires.com.ar\/index.php\/2022\/11\/03\/legislatura-portena-debatiran-hoy-tematica-de-transito-y-transporte\/","title":{"rendered":"Legislatura porte\u00f1a :Debatir\u00e1n hoy tem\u00e1tica de tr\u00e1nsito y transporte"},"content":{"rendered":"<p>La Legislatura de la Ciudad debatir\u00e1 este jueves un intenso temario de proyectos de leyes, resoluciones y declaraciones, entre los que se destacan tres iniciativas que modifican o actualizan disposiciones del C\u00f3digo de Tr\u00e1nsito y Transporte.El orden de asuntos a considerar en el recinto fue acordado este mi\u00e9rcoles en la reuni\u00f3n de Labor Parlamentaria, presidida por el legislador Emmanuel Ferrario (VJ), con la participaci\u00f3n de todas las bancadas de legisladores . Entre otros, se votar\u00e1 un proyecto de promoci\u00f3n de la actividad coral en el \u00e1mbito metropolitano, a propuesta del legislador porte\u00f1o\u00a0 Roy Cortina (PS).<\/p>\n<p>Los expedientes sobre tr\u00e1nsito y transporte tienen despachos de la comisi\u00f3n parlamentaria respectiva, que preside la legisladora Mat\u00edas L\u00f3pez (VJ). Uno de ellos refiere a la se\u00f1alizaci\u00f3n en las estaciones de subtes, para incorporar inscripciones en sistema braille y formas audibles de indicaci\u00f3n, a fin de facilitar la orientaci\u00f3n de personas con problemas de visi\u00f3n. Otra de las normas a votar determina cu\u00e1les son las razones para que una gr\u00faa de control de tr\u00e1nsito acarree veh\u00edculos en infracci\u00f3n, de manera de reglamentar taxativamente situaciones que en ocasiones resultan controversiales.\u00a0 Por otra parte, habr\u00e1 modificaciones al C\u00f3digo de Tr\u00e1nsito y Transporte para adecuar las definiciones de calles de convivencias y de formas de intervenciones peatonales.<\/p>\n<p>Tambi\u00e9n se actualizar\u00e1 la red de tr\u00e1nsito pesado, que es el conjunto de arterias por donde deben circular los camiones y otros automotores de mucho tonelaje. Respecto de los micros escolares, se propone prorrogar por dos a\u00f1os el permiso de circulaci\u00f3n a las unidades de los modelos 1999, 2000 y 2021, que deber\u00edan haber sido renovadas al cumplir 20 a\u00f1os de uso. La pr\u00f3rroga es para aliviar costos a los prestadores del servicio de traslado de alumnos, siempre que tengan al d\u00eda la verificaci\u00f3n t\u00e9cnica pertinente. A su vez, se autorizar\u00e1 que esos micros sean conducidos por choferes residentes en otros distritos, en tanto se inscriban con el correspondiente carn\u00e9 profesional de origen, homologado por leyes y acuerdos nacionales.<\/p>\n","protected":false},"excerpt":{"rendered":"<p>La Legislatura de la Ciudad debatir\u00e1 este jueves un intenso temario de proyectos de leyes, resoluciones y declaraciones, entre los que se destacan tres iniciativas que modifican o actualizan disposiciones del C\u00f3digo de Tr\u00e1nsito y Transporte.El orden de asuntos a considerar en el recinto fue acordado este mi\u00e9rcoles en la reuni\u00f3n de Labor Parlamentaria, presidida [&hellip;]<\/p>\n","protected":false},"author":2,"featured_media":41121,"comment_status":"open","ping_status":"open","sticky":false,"template":"","format":"standard","meta":{"_et_pb_use_builder":"","_et_pb_old_content":"","_et_gb_content_width":"","footnotes":""},"categories":[11,33],"tags":[],"class_list":["post-41120","post","type-post","status-publish","format-standard","has-post-thumbnail","hentry","category-ciudad","category-sociedad-y-cultura-2"],"_links":{"self":[{"href":"https:\/\/vocesdebaires.com.ar\/index.php\/wp-json\/wp\/v2\/posts\/41120"}],"collection":[{"href":"https:\/\/vocesdebaires.com.ar\/index.php\/wp-json\/wp\/v2\/posts"}],"about":[{"href":"https:\/\/vocesdebaires.com.ar\/index.php\/wp-json\/wp\/v2\/types\/post"}],"author":[{"embeddable":true,"href":"https:\/\/vocesdebaires.com.ar\/index.php\/wp-json\/wp\/v2\/users\/2"}],"replies":[{"embeddable":true,"href":"https:\/\/vocesdebaires.com.ar\/index.php\/wp-json\/wp\/v2\/comments?post=41120"}],"version-history":[{"count":1,"href":"https:\/\/vocesdebaires.com.ar\/index.php\/wp-json\/wp\/v2\/posts\/41120\/revisions"}],"predecessor-version":[{"id":41122,"href":"https:\/\/vocesdebaires.com.ar\/index.php\/wp-json\/wp\/v2\/posts\/41120\/revisions\/41122"}],"wp:featuredmedia":[{"embeddable":true,"href":"https:\/\/vocesdebaires.com.ar\/index.php\/wp-json\/wp\/v2\/media\/41121"}],"wp:attachment":[{"href":"https:\/\/vocesdebaires.com.ar\/index.php\/wp-json\/wp\/v2\/media?parent=41120"}],"wp:term":[{"taxonomy":"category","embeddable":true,"href":"https:\/\/vocesdebaires.com.ar\/index.php\/wp-json\/wp\/v2\/categories?post=41120"},{"taxonomy":"post_tag","embeddable":true,"href":"https:\/\/vocesdebaires.com.ar\/index.php\/wp-json\/wp\/v2\/tags?post=41120"}],"curies":[{"name":"wp","href":"https:\/\/api.w.org\/{rel}","templated":true}]}}