{"id":41137,"date":"2022-11-03T01:09:29","date_gmt":"2022-11-03T04:09:29","guid":{"rendered":"https:\/\/vocesdebaires.com.ar\/?p=41137"},"modified":"2022-11-03T01:09:29","modified_gmt":"2022-11-03T04:09:29","slug":"legislatura-beneplacito-a-boca-juniors-por-la-labor-en-los-ddhh","status":"publish","type":"post","link":"https:\/\/vocesdebaires.com.ar\/index.php\/2022\/11\/03\/legislatura-beneplacito-a-boca-juniors-por-la-labor-en-los-ddhh\/","title":{"rendered":"Legislatura: Benepl\u00e1cito a Boca Juniors, por la labor en los DDHH"},"content":{"rendered":"<p>Durante la tarde de ayer mi\u00e9rcoles , la Legislatura de la Ciudad declar\u00f3 su benepl\u00e1cito por el homenaje a los socios y socias que fueron v\u00edctimas del Terrorismo de Estado, realizado por Comisi\u00f3n de Derechos Humanos del Club Atl\u00e9tico Boca Juniors (CABJ). El acto se desarroll\u00f3 en el sal\u00f3n Montevideo y cont\u00f3 con la presencia del legislador e impulsor de esta iniciativa Claudio Morresi, la prosecretaria legal de la Honorable Asamblea de Representantes Ver\u00f3nica Hern\u00e1ndez, el vocal de la comisi\u00f3n directiva de CABJ y referente de la organizaci\u00f3n Boca es Pueblo Mat\u00edas Ezequiel Daglio, el prosecretario general del club Alejandro Veiga y la vicepresidenta 3\u00b0 de la instituci\u00f3n Adriana Bravo.<\/p>\n<p>\u201cHay que tener mucha valent\u00eda para tomar ciertas decisiones y creo que todos ustedes la han tenido\u201d, declar\u00f3 el legislador en el comienzo de las alocuciones. Tambi\u00e9n coment\u00f3 que los legisladores tienen \u201cla obligaci\u00f3n\u201d de reconocer estos actos. Y agreg\u00f3: \u201cesto lo entrega la gran mayor\u00eda de los que viven en la Ciudad de Buenos Aires, que entienden y creen que lo que han hecho y que est\u00e1n acompa\u00f1ando ha sido sumamente importante por la verdad, memoria y la justicia. Y por hacer este pa\u00eds mucho m\u00e1s digno y justo\u201d.<\/p>\n<p>Luego, Bravo inform\u00f3 que desde el momento que asumieron empezaron \u201cun camino de reivindicaci\u00f3n y ejercicio de la memoria\u201d. A su vez, se comprometi\u00f3 \u201ccomo Boca\u201d en la b\u00fasqueda y restituci\u00f3n de nietos y nietas. \u201cPara nosotros y nosotras no es solamente una elecci\u00f3n, sino que es principalmente un deber\u201d. En tanto que Hern\u00e1ndez agradeci\u00f3 al diputado por haber impulsado el reconocimiento y al club por la restituci\u00f3n de los carnets de los socios que fueron desaparecidos en la \u00faltima dictadura c\u00edvico-militar. \u201cLo popular y todo lo relacionado a los derechos humanos van de la mano\u201d, sentenci\u00f3 la prosecretaria. \u201cQuienes reconocemos a Boca como un movimiento popular, lo entendemos m\u00e1s all\u00e1 del rol que tiene que cumplir una instituci\u00f3n\u201d, destac\u00f3 Daglio.<\/p>\n<p>Por \u00faltimo, Veiga subray\u00f3: \u201choy festejamos este reconocimiento, pero falta un mont\u00f3n\u201d. El pasado 25 de marzo, Boca Juniors realiz\u00f3 un homenaje a los socios y socias Nillo Agnoli, Carlos Alberto Chiappolini, Jorge Fernando Di Pascuale, Antonio \u00c1ngel Garuti, Eduardo Alberto Garuti, Graciela Dora Pennelli y Daniel Alberto Sansone, quienes fueron v\u00edctimas de la \u00faltima dictadura c\u00edvico-militar del pa\u00eds. Durante el acto, el club les restituy\u00f3 a los familiares el carnet de socio, con una leyenda que dice \u201cSocio N\u00b030.000\u201d.<\/p>\n","protected":false},"excerpt":{"rendered":"<p>Durante la tarde de ayer mi\u00e9rcoles , la Legislatura de la Ciudad declar\u00f3 su benepl\u00e1cito por el homenaje a los socios y socias que fueron v\u00edctimas del Terrorismo de Estado, realizado por Comisi\u00f3n de Derechos Humanos del Club Atl\u00e9tico Boca Juniors (CABJ). El acto se desarroll\u00f3 en el sal\u00f3n Montevideo y cont\u00f3 con la presencia [&hellip;]<\/p>\n","protected":false},"author":2,"featured_media":41138,"comment_status":"open","ping_status":"open","sticky":false,"template":"","format":"standard","meta":{"_et_pb_use_builder":"","_et_pb_old_content":"","_et_gb_content_width":"","footnotes":""},"categories":[11,33],"tags":[],"class_list":["post-41137","post","type-post","status-publish","format-standard","has-post-thumbnail","hentry","category-ciudad","category-sociedad-y-cultura-2"],"_links":{"self":[{"href":"https:\/\/vocesdebaires.com.ar\/index.php\/wp-json\/wp\/v2\/posts\/41137"}],"collection":[{"href":"https:\/\/vocesdebaires.com.ar\/index.php\/wp-json\/wp\/v2\/posts"}],"about":[{"href":"https:\/\/vocesdebaires.com.ar\/index.php\/wp-json\/wp\/v2\/types\/post"}],"author":[{"embeddable":true,"href":"https:\/\/vocesdebaires.com.ar\/index.php\/wp-json\/wp\/v2\/users\/2"}],"replies":[{"embeddable":true,"href":"https:\/\/vocesdebaires.com.ar\/index.php\/wp-json\/wp\/v2\/comments?post=41137"}],"version-history":[{"count":1,"href":"https:\/\/vocesdebaires.com.ar\/index.php\/wp-json\/wp\/v2\/posts\/41137\/revisions"}],"predecessor-version":[{"id":41139,"href":"https:\/\/vocesdebaires.com.ar\/index.php\/wp-json\/wp\/v2\/posts\/41137\/revisions\/41139"}],"wp:featuredmedia":[{"embeddable":true,"href":"https:\/\/vocesdebaires.com.ar\/index.php\/wp-json\/wp\/v2\/media\/41138"}],"wp:attachment":[{"href":"https:\/\/vocesdebaires.com.ar\/index.php\/wp-json\/wp\/v2\/media?parent=41137"}],"wp:term":[{"taxonomy":"category","embeddable":true,"href":"https:\/\/vocesdebaires.com.ar\/index.php\/wp-json\/wp\/v2\/categories?post=41137"},{"taxonomy":"post_tag","embeddable":true,"href":"https:\/\/vocesdebaires.com.ar\/index.php\/wp-json\/wp\/v2\/tags?post=41137"}],"curies":[{"name":"wp","href":"https:\/\/api.w.org\/{rel}","templated":true}]}}