{"id":4116,"date":"2019-01-03T03:00:00","date_gmt":"2019-01-03T06:00:00","guid":{"rendered":"http:\/\/vocesdebaires.com.ar\/wordpress\/index.php\/2019\/01\/03\/ciudad-conoce-el-magico-jardin-andaluz\/"},"modified":"2019-01-03T03:00:00","modified_gmt":"2019-01-03T06:00:00","slug":"ciudad-conoce-el-magico-jardin-andaluz","status":"publish","type":"post","link":"https:\/\/vocesdebaires.com.ar\/index.php\/2019\/01\/03\/ciudad-conoce-el-magico-jardin-andaluz\/","title":{"rendered":"Ciudad: Conoc\u00e9 el m\u00e1gico Jard\u00edn Andaluz"},"content":{"rendered":"<p>\u00bfDe qu\u00e9 se trata? : \u00bfC\u00f3mo ser\u00e1 el Jard\u00edn Andaluz cuando comienzan a salir las estrellas y se asoma la luna? En estas visitas, coordinadas por el \u00e1rea educativa y el \u00e1rea de jardiner\u00eda del Museo Enrique Larreta, se apela a la exaltaci\u00f3n de los sentidos en la penumbra del jard\u00edn, mientras se saborea una copa de vino junto con m\u00fasicos invitados.Tercer mi\u00e9rcoles de cada mes. Pr\u00f3xima visita: Mi\u00e9rcoles 16 de enero de 2019 | 20 h | Museo de Arte Espa\u00f1ol Enrique Larreta (Av. Juramento 2291). Se suspende por lluvia.Se abona la entrada al Museo ($50).<\/p>\n<p>Se requiere inscripci\u00f3n previa enviando mail a: <a href=&quot;mailto:larretaeducacion@gmail.com&quot;>larretaeducacion@gmail.com<\/a><\/p>\n","protected":false},"excerpt":{"rendered":"<p>\u00bfDe qu\u00e9 se trata? : \u00bfC\u00f3mo ser\u00e1 el Jard\u00edn Andaluz cuando comienzan a salir las estrellas y se asoma la luna? En estas visitas, coordinadas por el \u00e1rea educativa y el \u00e1rea de jardiner\u00eda del Museo Enrique Larreta, se apela a la exaltaci\u00f3n de los sentidos en la penumbra del jard\u00edn, mientras se saborea una [&hellip;]<\/p>\n","protected":false},"author":1,"featured_media":4117,"comment_status":"open","ping_status":"open","sticky":false,"template":"","format":"standard","meta":{"_et_pb_use_builder":"","_et_pb_old_content":"","_et_gb_content_width":"","footnotes":""},"categories":[11,32],"tags":[],"class_list":["post-4116","post","type-post","status-publish","format-standard","has-post-thumbnail","hentry","category-ciudad","category-comunas"],"_links":{"self":[{"href":"https:\/\/vocesdebaires.com.ar\/index.php\/wp-json\/wp\/v2\/posts\/4116"}],"collection":[{"href":"https:\/\/vocesdebaires.com.ar\/index.php\/wp-json\/wp\/v2\/posts"}],"about":[{"href":"https:\/\/vocesdebaires.com.ar\/index.php\/wp-json\/wp\/v2\/types\/post"}],"author":[{"embeddable":true,"href":"https:\/\/vocesdebaires.com.ar\/index.php\/wp-json\/wp\/v2\/users\/1"}],"replies":[{"embeddable":true,"href":"https:\/\/vocesdebaires.com.ar\/index.php\/wp-json\/wp\/v2\/comments?post=4116"}],"version-history":[{"count":0,"href":"https:\/\/vocesdebaires.com.ar\/index.php\/wp-json\/wp\/v2\/posts\/4116\/revisions"}],"wp:featuredmedia":[{"embeddable":true,"href":"https:\/\/vocesdebaires.com.ar\/index.php\/wp-json\/wp\/v2\/media\/4117"}],"wp:attachment":[{"href":"https:\/\/vocesdebaires.com.ar\/index.php\/wp-json\/wp\/v2\/media?parent=4116"}],"wp:term":[{"taxonomy":"category","embeddable":true,"href":"https:\/\/vocesdebaires.com.ar\/index.php\/wp-json\/wp\/v2\/categories?post=4116"},{"taxonomy":"post_tag","embeddable":true,"href":"https:\/\/vocesdebaires.com.ar\/index.php\/wp-json\/wp\/v2\/tags?post=4116"}],"curies":[{"name":"wp","href":"https:\/\/api.w.org\/{rel}","templated":true}]}}