{"id":41162,"date":"2022-11-04T00:58:05","date_gmt":"2022-11-04T03:58:05","guid":{"rendered":"https:\/\/vocesdebaires.com.ar\/?p=41162"},"modified":"2022-11-04T00:58:05","modified_gmt":"2022-11-04T03:58:05","slug":"legislaturaapoyo-a-la-actividad-coral-y-a-librerias-ilustres","status":"publish","type":"post","link":"https:\/\/vocesdebaires.com.ar\/index.php\/2022\/11\/04\/legislaturaapoyo-a-la-actividad-coral-y-a-librerias-ilustres\/","title":{"rendered":"Legislatura:Apoyo a la actividad coral y a librer\u00edas ilustres"},"content":{"rendered":"<p>La propuesta es del legislador porte\u00f1o Roy Cortina (PS) se sancion\u00f3 una ley para \u201cpromover el desarrollo de la actividad coral en la CABA, a trav\u00e9s del fomento y la difusi\u00f3n de sus distintos g\u00e9neros y estilos y el apoyo a la labor de las directoras, directores e integrantes de los coros\u201d. La norma crea un registro de grupos corales y promueve beneficios para el apoyo financiero a esa actividad cultural y para que desde el Estado porte\u00f1o se organicen festivales y otros eventos que dinamicen y multipliquen este tipo de manifestaciones.<\/p>\n<p>Por otra parte, a iniciativa del mismo legislador, que preside la comisi\u00f3n parlamentaria de Cultura, se aprobaron beneficios para ayudar a la protecci\u00f3n de las Librer\u00edas Ilustres inscriptas. Quedan exentas del pago de la tasa de ABL y se dispone establecer \u201cla creaci\u00f3n de una l\u00ednea de cr\u00e9ditos espec\u00edficos a tasas preferenciales, cuya implementaci\u00f3n se coordinar\u00e1 con el Banco de la Ciudad\u201d, para obras de restauraci\u00f3n, puesta en valor y reparaci\u00f3n de los locales.<\/p>\n","protected":false},"excerpt":{"rendered":"<p>La propuesta es del legislador porte\u00f1o Roy Cortina (PS) se sancion\u00f3 una ley para \u201cpromover el desarrollo de la actividad coral en la CABA, a trav\u00e9s del fomento y la difusi\u00f3n de sus distintos g\u00e9neros y estilos y el apoyo a la labor de las directoras, directores e integrantes de los coros\u201d. La norma crea [&hellip;]<\/p>\n","protected":false},"author":2,"featured_media":41163,"comment_status":"open","ping_status":"open","sticky":false,"template":"","format":"standard","meta":{"_et_pb_use_builder":"","_et_pb_old_content":"","_et_gb_content_width":"","footnotes":""},"categories":[11,33],"tags":[],"class_list":["post-41162","post","type-post","status-publish","format-standard","has-post-thumbnail","hentry","category-ciudad","category-sociedad-y-cultura-2"],"_links":{"self":[{"href":"https:\/\/vocesdebaires.com.ar\/index.php\/wp-json\/wp\/v2\/posts\/41162"}],"collection":[{"href":"https:\/\/vocesdebaires.com.ar\/index.php\/wp-json\/wp\/v2\/posts"}],"about":[{"href":"https:\/\/vocesdebaires.com.ar\/index.php\/wp-json\/wp\/v2\/types\/post"}],"author":[{"embeddable":true,"href":"https:\/\/vocesdebaires.com.ar\/index.php\/wp-json\/wp\/v2\/users\/2"}],"replies":[{"embeddable":true,"href":"https:\/\/vocesdebaires.com.ar\/index.php\/wp-json\/wp\/v2\/comments?post=41162"}],"version-history":[{"count":1,"href":"https:\/\/vocesdebaires.com.ar\/index.php\/wp-json\/wp\/v2\/posts\/41162\/revisions"}],"predecessor-version":[{"id":41164,"href":"https:\/\/vocesdebaires.com.ar\/index.php\/wp-json\/wp\/v2\/posts\/41162\/revisions\/41164"}],"wp:featuredmedia":[{"embeddable":true,"href":"https:\/\/vocesdebaires.com.ar\/index.php\/wp-json\/wp\/v2\/media\/41163"}],"wp:attachment":[{"href":"https:\/\/vocesdebaires.com.ar\/index.php\/wp-json\/wp\/v2\/media?parent=41162"}],"wp:term":[{"taxonomy":"category","embeddable":true,"href":"https:\/\/vocesdebaires.com.ar\/index.php\/wp-json\/wp\/v2\/categories?post=41162"},{"taxonomy":"post_tag","embeddable":true,"href":"https:\/\/vocesdebaires.com.ar\/index.php\/wp-json\/wp\/v2\/tags?post=41162"}],"curies":[{"name":"wp","href":"https:\/\/api.w.org\/{rel}","templated":true}]}}