{"id":41165,"date":"2022-11-04T01:17:43","date_gmt":"2022-11-04T04:17:43","guid":{"rendered":"https:\/\/vocesdebaires.com.ar\/?p=41165"},"modified":"2022-11-04T01:17:43","modified_gmt":"2022-11-04T04:17:43","slug":"en-la-ciudadse-prorroga-para-renovar-buses-escolares","status":"publish","type":"post","link":"https:\/\/vocesdebaires.com.ar\/index.php\/2022\/11\/04\/en-la-ciudadse-prorroga-para-renovar-buses-escolares\/","title":{"rendered":"En la ciudad:Se pr\u00f3rroga para renovar buses escolares"},"content":{"rendered":"<p>Se aprobaron adaptaciones en la legislaci\u00f3n sobre el transporte de alumnos en microbuses espec\u00edficos, los denominados micros escolares. Hasta ahora, s\u00f3lo pod\u00edan conducir estos veh\u00edculos las personas con licencia otorgada por la CABA. En adelante se aceptar\u00e1 a personas con carn\u00e9 de conductor Clase D \u201cexpedida por una jurisdicci\u00f3n diferente, siendo requisito indispensable que haya adherido a las leyes nacionales 24.449 y 26.363 y a las dem\u00e1s reglamentaciones establecidas por la Agencia Nacional de Seguridad Vial y que la licencia haya sido otorgada en concordancia con esa normativa\u201d. Adem\u00e1s, se prorrog\u00f3 la obligaci\u00f3n de cambiar las unidades despu\u00e9s de 20 a\u00f1os de antig\u00fcedad. Los modelos de 1999 y 2000 podr\u00e1n seguir circulando hasta el 31 de diciembre de 2023, y los coches del a\u00f1o 2001 se habilitan hasta el 31 de diciembre de 2024.<\/p>\n","protected":false},"excerpt":{"rendered":"<p>Se aprobaron adaptaciones en la legislaci\u00f3n sobre el transporte de alumnos en microbuses espec\u00edficos, los denominados micros escolares. Hasta ahora, s\u00f3lo pod\u00edan conducir estos veh\u00edculos las personas con licencia otorgada por la CABA. En adelante se aceptar\u00e1 a personas con carn\u00e9 de conductor Clase D \u201cexpedida por una jurisdicci\u00f3n diferente, siendo requisito indispensable que haya [&hellip;]<\/p>\n","protected":false},"author":2,"featured_media":41166,"comment_status":"open","ping_status":"open","sticky":false,"template":"","format":"standard","meta":{"_et_pb_use_builder":"","_et_pb_old_content":"","_et_gb_content_width":"","footnotes":""},"categories":[11,33],"tags":[],"class_list":["post-41165","post","type-post","status-publish","format-standard","has-post-thumbnail","hentry","category-ciudad","category-sociedad-y-cultura-2"],"_links":{"self":[{"href":"https:\/\/vocesdebaires.com.ar\/index.php\/wp-json\/wp\/v2\/posts\/41165"}],"collection":[{"href":"https:\/\/vocesdebaires.com.ar\/index.php\/wp-json\/wp\/v2\/posts"}],"about":[{"href":"https:\/\/vocesdebaires.com.ar\/index.php\/wp-json\/wp\/v2\/types\/post"}],"author":[{"embeddable":true,"href":"https:\/\/vocesdebaires.com.ar\/index.php\/wp-json\/wp\/v2\/users\/2"}],"replies":[{"embeddable":true,"href":"https:\/\/vocesdebaires.com.ar\/index.php\/wp-json\/wp\/v2\/comments?post=41165"}],"version-history":[{"count":1,"href":"https:\/\/vocesdebaires.com.ar\/index.php\/wp-json\/wp\/v2\/posts\/41165\/revisions"}],"predecessor-version":[{"id":41167,"href":"https:\/\/vocesdebaires.com.ar\/index.php\/wp-json\/wp\/v2\/posts\/41165\/revisions\/41167"}],"wp:featuredmedia":[{"embeddable":true,"href":"https:\/\/vocesdebaires.com.ar\/index.php\/wp-json\/wp\/v2\/media\/41166"}],"wp:attachment":[{"href":"https:\/\/vocesdebaires.com.ar\/index.php\/wp-json\/wp\/v2\/media?parent=41165"}],"wp:term":[{"taxonomy":"category","embeddable":true,"href":"https:\/\/vocesdebaires.com.ar\/index.php\/wp-json\/wp\/v2\/categories?post=41165"},{"taxonomy":"post_tag","embeddable":true,"href":"https:\/\/vocesdebaires.com.ar\/index.php\/wp-json\/wp\/v2\/tags?post=41165"}],"curies":[{"name":"wp","href":"https:\/\/api.w.org\/{rel}","templated":true}]}}