{"id":41170,"date":"2022-11-04T01:23:30","date_gmt":"2022-11-04T04:23:30","guid":{"rendered":"https:\/\/vocesdebaires.com.ar\/?p=41170"},"modified":"2022-11-04T01:23:30","modified_gmt":"2022-11-04T04:23:30","slug":"ciudadregulan-por-ley-el-acarreo-de-autos-en-infraccion","status":"publish","type":"post","link":"https:\/\/vocesdebaires.com.ar\/index.php\/2022\/11\/04\/ciudadregulan-por-ley-el-acarreo-de-autos-en-infraccion\/","title":{"rendered":"Ciudad:Regulan por ley el acarreo de autos en infracci\u00f3n"},"content":{"rendered":"<p>Las situaciones que ameriten el acarreo de un autom\u00f3vil en la v\u00eda p\u00fablica, por parte del servicio de gr\u00faas en la Ciudad, quedaron determinadas por una ley que aprob\u00f3 este jueves la Legislatura, modificatoria de normas anteriores del C\u00f3digo de Tr\u00e1nsito y Transporte. Los legisladores porte\u00f1os debatieron y aprobaron otros asuntos vinculados a las materias de tr\u00e1nsito y transporte que refieren a las definiciones sobre calles de convivencia e intervenciones peatonales y la actualizaci\u00f3n de la red por donde se autoriza a circular a los veh\u00edculos de alto tonelaje (red de tr\u00e1nsito pesado).<\/p>\n<p>La regulaci\u00f3n del acarreo de autos por gr\u00faas fue una iniciativa del interbloque oficialista (VJ, UCR, PS y RU), tratada en la Comisi\u00f3n de Tr\u00e1nsito y Transporte, que preside Mat\u00edas L\u00f3pez (VJ). Obtuvo 52 votos favorables y la abstenci\u00f3n de dos legisladores de izquierda. Por decreto 284 del 17 de agosto de 2022, el Gobierno de la Ciudad rescindi\u00f3 los contratos de concesi\u00f3n del servicio de control de estacionamiento y con ello asumi\u00f3 y tom\u00f3 para s\u00ed la prestaci\u00f3n de dicho servicio. A su vez, la ley 6353 autoriz\u00f3 al Poder Ejecutivo a llamar a licitaci\u00f3n p\u00fablica para la contrataci\u00f3n de la prestaci\u00f3n del servicio de gr\u00faas\u201d.<\/p>\n<p>La norma sancionada ayer jueves en la sesi\u00f3n ordinaria determina taxativamente los casos que justifican el uso de gr\u00faas de acarreos en ocasiones de infracci\u00f3n a las normas generales, obstaculizaci\u00f3n o estacionamiento en v\u00edas r\u00e1pidas, automotores abandonados y prohibiciones especiales. El simple mal estacionamiento o sobrepaso del tiempo autorizado o tarifado, no justifica por s\u00ed mismos el desplazamiento de rodados mediante gr\u00faas.<\/p>\n<p>Tambi\u00e9n, cuando un incidente vial entorpezcan la circulaci\u00f3n o cuando la autoridad de aplicaci\u00f3n estime necesario el despeje de la calzada (en estos casos el acarreo ser\u00e1 sin costo para su titular del auto) Cuando un veh\u00edculo se encuentre mal estacionado por desperfectos mec\u00e1nicos, quedar\u00e1 impedida su remoci\u00f3n s\u00f3lo si su conductor permanece dentro del veh\u00edculo o en lugar m\u00e1s pr\u00f3ximo sobre la acera, en espera de auxilio.\u201cEn ning\u00fan caso se podr\u00e1 acarrear un veh\u00edculo con personas en su interior al momento del inicio de la remoci\u00f3n\u201d, dice la ley.<\/p>\n","protected":false},"excerpt":{"rendered":"<p>Las situaciones que ameriten el acarreo de un autom\u00f3vil en la v\u00eda p\u00fablica, por parte del servicio de gr\u00faas en la Ciudad, quedaron determinadas por una ley que aprob\u00f3 este jueves la Legislatura, modificatoria de normas anteriores del C\u00f3digo de Tr\u00e1nsito y Transporte. Los legisladores porte\u00f1os debatieron y aprobaron otros asuntos vinculados a las materias [&hellip;]<\/p>\n","protected":false},"author":2,"featured_media":41171,"comment_status":"open","ping_status":"open","sticky":false,"template":"","format":"standard","meta":{"_et_pb_use_builder":"","_et_pb_old_content":"","_et_gb_content_width":"","footnotes":""},"categories":[11,33],"tags":[],"class_list":["post-41170","post","type-post","status-publish","format-standard","has-post-thumbnail","hentry","category-ciudad","category-sociedad-y-cultura-2"],"_links":{"self":[{"href":"https:\/\/vocesdebaires.com.ar\/index.php\/wp-json\/wp\/v2\/posts\/41170"}],"collection":[{"href":"https:\/\/vocesdebaires.com.ar\/index.php\/wp-json\/wp\/v2\/posts"}],"about":[{"href":"https:\/\/vocesdebaires.com.ar\/index.php\/wp-json\/wp\/v2\/types\/post"}],"author":[{"embeddable":true,"href":"https:\/\/vocesdebaires.com.ar\/index.php\/wp-json\/wp\/v2\/users\/2"}],"replies":[{"embeddable":true,"href":"https:\/\/vocesdebaires.com.ar\/index.php\/wp-json\/wp\/v2\/comments?post=41170"}],"version-history":[{"count":1,"href":"https:\/\/vocesdebaires.com.ar\/index.php\/wp-json\/wp\/v2\/posts\/41170\/revisions"}],"predecessor-version":[{"id":41172,"href":"https:\/\/vocesdebaires.com.ar\/index.php\/wp-json\/wp\/v2\/posts\/41170\/revisions\/41172"}],"wp:featuredmedia":[{"embeddable":true,"href":"https:\/\/vocesdebaires.com.ar\/index.php\/wp-json\/wp\/v2\/media\/41171"}],"wp:attachment":[{"href":"https:\/\/vocesdebaires.com.ar\/index.php\/wp-json\/wp\/v2\/media?parent=41170"}],"wp:term":[{"taxonomy":"category","embeddable":true,"href":"https:\/\/vocesdebaires.com.ar\/index.php\/wp-json\/wp\/v2\/categories?post=41170"},{"taxonomy":"post_tag","embeddable":true,"href":"https:\/\/vocesdebaires.com.ar\/index.php\/wp-json\/wp\/v2\/tags?post=41170"}],"curies":[{"name":"wp","href":"https:\/\/api.w.org\/{rel}","templated":true}]}}