{"id":41186,"date":"2022-11-07T00:00:28","date_gmt":"2022-11-07T03:00:28","guid":{"rendered":"https:\/\/vocesdebaires.com.ar\/?p=41186"},"modified":"2022-11-07T00:44:30","modified_gmt":"2022-11-07T03:44:30","slug":"se-realizara-el-congreso-intercultural-e-interreligiosos","status":"publish","type":"post","link":"https:\/\/vocesdebaires.com.ar\/index.php\/2022\/11\/07\/se-realizara-el-congreso-intercultural-e-interreligiosos\/","title":{"rendered":"Se realizar\u00e1 el Congreso Intercultural e Interreligiosos"},"content":{"rendered":"<p>Los d\u00edas 8 Y 9 de noviembre se llevar\u00e1 a cabo en Argentina el V Congreso Mundial de Di\u00e1logo Intercultural e Interreligioso \u201cUna senda hacia la Paz\u201d que este a\u00f1o se desarrolla bajo el lema \u00abPensando la transformaci\u00f3n de Argentina 2023-2053\u00bb, con la presencia de las m\u00e1ximas autoridades religiosas de las distintas confesiones acreditadas en el pa\u00eds y la participaci\u00f3n de destacadas personalidades del \u00e1mbito acad\u00e9mico, diplom\u00e1tico, pol\u00edtico, social, sindical del pa\u00eds y del mundo.El evento que reunir\u00e1 en Buenos Aires a importantes referentes de todas las religiones en Argentina entre los que se encuentran: Monse\u00f1or Cris\u00f3stomo Juan Gassali, Arzobispo y Vicario<\/p>\n<p>Patriarcal para la Rep\u00fablica Argentina de la Iglesia Siriana Ortodoxa de Antioquia; el Rabino Fishel Szlajen, miembro titular de la Pontificia Academia para la Vida, Vaticano; el Rabino Alejandro Avruj de la Comunidad Amijai; \u00c9lder Juan Orquera, Comunicaci\u00f3n y RR.II. de la Iglesia de Jesucristo de los Santos de los \u00daltimos D\u00edas; Prof. Isa Altekin, Director General del Centro de Di\u00e1logo Intercultural ALBA; Mons. Alberto Boch atey, Secretario Ejecutivo de la Conferencia Episcopal Argentina CEA; Pastora Laura G\u00f3mez, Pastora de la Iglesia Bautista, integrante de la Mesa Directiva de ACIERA, Prof. Gustavo Libardi, Presidente de la Iglesia Scientology de Argentina, entre otros, se desarrollar\u00e1 en el Auditorio Ang\u00e9lica Zapata de la Universidad del CEMA ubicada en Reconquista 775 esq. Av. C\u00f3rdoba \u2013 CABA.<\/p>\n<p>Se abordar\u00e1n distintas tem\u00e1ticas de inter\u00e9s en variados paneles multiculturales que contar\u00e1n con la presencia de renombrados exponentes del mundo pol\u00edtico, social, acad\u00e9mico, diplom\u00e1tico, cultural y religioso, entre los que se destacan los ex presidentes de Am\u00e9rica del Sur: Eduardo Duhalde (Argentina), Luis Lacalle (Uruguay) y Federico Franco (Paraguay). Tambi\u00e9n estar\u00e1n presentes el Presidente de la Bolsa de Comercio de Buenos Aires, Dr. Adelmo Gabbi; el Embajador Diego Guelar, la Ministra de Educaci\u00f3n de la CABA, Soledad Acu\u00f1a; el Rector de la Universidad Cat\u00f3lica Argentina (UCA), Dr. Miguel \u00c1ngel Schiavone; el Rector Universidad CEMA, Dr. Eduardo Zablotsky; entre otras eminencias de la educaci\u00f3n, diplom\u00e1ticos y los diputados nacionales Waldo Wolff, Marcela Campagnoli y Amalia Granada, entre otros.<\/p>\n<p>El Congreso Mundial de Di\u00e1logo Intercultural e Interreligioso, se constituye como un encuentro social, pol\u00edtico, acad\u00e9mico y diplom\u00e1tico en pos de configurar una agenda de di\u00e1logo con eje en la Argentina que abarque los principales temas socialmente problematizados. El presidente del Congreso, Gustavo Guillerm\u00e9, hizo hincapi\u00e9 en la importancia de trabajar en un pacto que incluya a todos los sectores pol\u00edticos, sociales, sindicales, religiosos, empresariales de nuestro pa\u00eds pensando en la transformaci\u00f3n de Argentina 2023 \u2013 2053. \u201cDesde este congreso estamos convencidos que debemos trabajar en una agenda con pol\u00edticas de Estado de aqu\u00ed a los pr\u00f3ximos 30 a\u00f1os, sin importar qu\u00e9 partido gobierne y donde \u00e9sas pol\u00edticas sean inamovibles\u201d, afirm\u00f3 Guillerm\u00e9.<br \/>\nEl Congreso Mundial de Di\u00e1logo Intercultural e Interreligioso \u00abUna senda hacia la paz\u201d cuenta con el benepl\u00e1cito de Su Santidad, el Papa Francisco y se constituye como un encuentro social, pol\u00edtico, acad\u00e9mico y diplom\u00e1tico en pos de configurar una agenda de di\u00e1logo. Algunos de los temas que se tratar\u00e1n este a\u00f1o: educaci\u00f3n, valores y libertad religiosa, mujeres l\u00edderes y empoderamiento, consumos de drogas legales e ilegales, los acuerdos de Abraham, hambre y pandemia, entre otros.<\/p>\n","protected":false},"excerpt":{"rendered":"<p>Los d\u00edas 8 Y 9 de noviembre se llevar\u00e1 a cabo en Argentina el V Congreso Mundial de Di\u00e1logo Intercultural e Interreligioso \u201cUna senda hacia la Paz\u201d que este a\u00f1o se desarrolla bajo el lema \u00abPensando la transformaci\u00f3n de Argentina 2023-2053\u00bb, con la presencia de las m\u00e1ximas autoridades religiosas de las distintas confesiones acreditadas en [&hellip;]<\/p>\n","protected":false},"author":2,"featured_media":41187,"comment_status":"open","ping_status":"open","sticky":false,"template":"","format":"standard","meta":{"_et_pb_use_builder":"","_et_pb_old_content":"","_et_gb_content_width":"","footnotes":""},"categories":[11,33],"tags":[],"class_list":["post-41186","post","type-post","status-publish","format-standard","has-post-thumbnail","hentry","category-ciudad","category-sociedad-y-cultura-2"],"_links":{"self":[{"href":"https:\/\/vocesdebaires.com.ar\/index.php\/wp-json\/wp\/v2\/posts\/41186"}],"collection":[{"href":"https:\/\/vocesdebaires.com.ar\/index.php\/wp-json\/wp\/v2\/posts"}],"about":[{"href":"https:\/\/vocesdebaires.com.ar\/index.php\/wp-json\/wp\/v2\/types\/post"}],"author":[{"embeddable":true,"href":"https:\/\/vocesdebaires.com.ar\/index.php\/wp-json\/wp\/v2\/users\/2"}],"replies":[{"embeddable":true,"href":"https:\/\/vocesdebaires.com.ar\/index.php\/wp-json\/wp\/v2\/comments?post=41186"}],"version-history":[{"count":1,"href":"https:\/\/vocesdebaires.com.ar\/index.php\/wp-json\/wp\/v2\/posts\/41186\/revisions"}],"predecessor-version":[{"id":41188,"href":"https:\/\/vocesdebaires.com.ar\/index.php\/wp-json\/wp\/v2\/posts\/41186\/revisions\/41188"}],"wp:featuredmedia":[{"embeddable":true,"href":"https:\/\/vocesdebaires.com.ar\/index.php\/wp-json\/wp\/v2\/media\/41187"}],"wp:attachment":[{"href":"https:\/\/vocesdebaires.com.ar\/index.php\/wp-json\/wp\/v2\/media?parent=41186"}],"wp:term":[{"taxonomy":"category","embeddable":true,"href":"https:\/\/vocesdebaires.com.ar\/index.php\/wp-json\/wp\/v2\/categories?post=41186"},{"taxonomy":"post_tag","embeddable":true,"href":"https:\/\/vocesdebaires.com.ar\/index.php\/wp-json\/wp\/v2\/tags?post=41186"}],"curies":[{"name":"wp","href":"https:\/\/api.w.org\/{rel}","templated":true}]}}