{"id":41198,"date":"2022-11-08T00:00:31","date_gmt":"2022-11-08T03:00:31","guid":{"rendered":"https:\/\/vocesdebaires.com.ar\/?p=41198"},"modified":"2022-11-07T23:32:36","modified_gmt":"2022-11-08T02:32:36","slug":"la-tandilia-abrira-el-2023-con-deporte-en-las-sierras","status":"publish","type":"post","link":"https:\/\/vocesdebaires.com.ar\/index.php\/2022\/11\/08\/la-tandilia-abrira-el-2023-con-deporte-en-las-sierras\/","title":{"rendered":"La Tandilia abrir\u00e1 el 2023 con deporte en las sierras"},"content":{"rendered":"<p>El evento deportivo Cruce Tandilia se prepara con motivo del Bicentenario para recibir numerosa cantidad de deportistas y familias en Tandil. Del 6 al 8 de enero 2023 la naturaleza tandilense se desplegar\u00e1 ante los pies de los corredores brindando paisajes \u00fanicos en un recorrido incomparable.Las actividades inician el viernes 6, desde la ma\u00f1ana, con las acreditaciones y a partir de las 17hs con el aperitivo del Cruce Tandilia, la ya cl\u00e1sica Tandil Vertical Bloom. Tandil Vertical Bloom es un desaf\u00edo que saca a los participantes de la l\u00f3gica de las carreras de trail. Es una competencia crono o \u00abcontra reloj\u00bb donde el reto es alcanzar la cima del Parque Independencia de Tandil lo m\u00e1s r\u00e1pido posible. Los primeros en completar la carrera demoran menos de 2 minutos y los que m\u00e1s tardan algo m\u00e1s de 5.<\/p>\n<p><strong>Momentos m\u00e1gicos<\/strong><br \/>\nLa largada de Cruce Tandilia genera mucha adrenalina, el s\u00e1bado por la tarde cuando el sol comienza a bajar se re\u00fanen las 2000 almas que van a realizar este \u00abreto al prec\u00e1mbrico\u00bb mientras entonan las estrofas del Himno Nacional los corredores van quedando bajo la sombra de una inmensa bandera celeste y blanca. Al terminar, en una zona exclusiva para ellos, hay piletas con hielo para regenerar los m\u00fasculos de las piernas que deber\u00e1n afrontar al d\u00eda siguiente, un nuevo desaf\u00edo.\u00a0 Los circuitos recorren la serran\u00eda de Tandil, saliendo ambos d\u00edas desde el Polideportivo Municipal en direcciones diferentes, ingresando a campos privados. Ondulantes, por momentos abiertos y en tramos recorriendo montes de eucaliptus que en el atardecer liberan ese olor tan caracter\u00edstico. Las distancias m\u00e1s largas pisan las sierras m\u00e1s altas, cruzan el pinar del Centinela y tienen vistas incre\u00edbles de canteras de granito que muestran el n\u00facleo del macizo de nuestro suelo prec\u00e1mbrico.<\/p>\n<p><strong>Bonus Vertical:<\/strong><br \/>\nLa competencia Vertical es optativa, y tiene un costo adicional de sobre el de Cruce Tandilia. Se trata de una carrera para aplicar estrategia. La propuesta es correr 3 d\u00edas, donde el corredor tiene que regular sus fuerzas, calcular sus ritmos, atender su hidrataci\u00f3n y alimentaci\u00f3n en carrera y en el descanso. Mientras tanto Tandil se prepara para ofrecer en las vacaciones \u00abuna pausa m\u00e1gica\u00bb y propone muchas alternativas para el disfrute m\u00e1s all\u00e1 de la carrera. Hay una gran variedad de alojamientos y servicios para elegir y conviene reservar con anticipaci\u00f3n. Tambi\u00e9n actividades variadas como turismo de aventura que incluye trekking, rappel, escalada, canotaje, parques a\u00e9reos, cabalgatas, vuelos de bautismo. Y, sin duda, otra de las grandes razones para visitar y disfrutar de Tandil es su gastronom\u00eda que, desde sus salames y quesos de renombre hasta propuestas veganas o cocina de autor cubren el abanico para dejar a todos con ganas de volver.<\/p>\n","protected":false},"excerpt":{"rendered":"<p>El evento deportivo Cruce Tandilia se prepara con motivo del Bicentenario para recibir numerosa cantidad de deportistas y familias en Tandil. Del 6 al 8 de enero 2023 la naturaleza tandilense se desplegar\u00e1 ante los pies de los corredores brindando paisajes \u00fanicos en un recorrido incomparable.Las actividades inician el viernes 6, desde la ma\u00f1ana, con [&hellip;]<\/p>\n","protected":false},"author":3,"featured_media":41199,"comment_status":"open","ping_status":"open","sticky":false,"template":"","format":"standard","meta":{"_et_pb_use_builder":"","_et_pb_old_content":"","_et_gb_content_width":"","footnotes":""},"categories":[34,13],"tags":[],"class_list":["post-41198","post","type-post","status-publish","format-standard","has-post-thumbnail","hentry","category-politica","category-provincia"],"_links":{"self":[{"href":"https:\/\/vocesdebaires.com.ar\/index.php\/wp-json\/wp\/v2\/posts\/41198"}],"collection":[{"href":"https:\/\/vocesdebaires.com.ar\/index.php\/wp-json\/wp\/v2\/posts"}],"about":[{"href":"https:\/\/vocesdebaires.com.ar\/index.php\/wp-json\/wp\/v2\/types\/post"}],"author":[{"embeddable":true,"href":"https:\/\/vocesdebaires.com.ar\/index.php\/wp-json\/wp\/v2\/users\/3"}],"replies":[{"embeddable":true,"href":"https:\/\/vocesdebaires.com.ar\/index.php\/wp-json\/wp\/v2\/comments?post=41198"}],"version-history":[{"count":1,"href":"https:\/\/vocesdebaires.com.ar\/index.php\/wp-json\/wp\/v2\/posts\/41198\/revisions"}],"predecessor-version":[{"id":41200,"href":"https:\/\/vocesdebaires.com.ar\/index.php\/wp-json\/wp\/v2\/posts\/41198\/revisions\/41200"}],"wp:featuredmedia":[{"embeddable":true,"href":"https:\/\/vocesdebaires.com.ar\/index.php\/wp-json\/wp\/v2\/media\/41199"}],"wp:attachment":[{"href":"https:\/\/vocesdebaires.com.ar\/index.php\/wp-json\/wp\/v2\/media?parent=41198"}],"wp:term":[{"taxonomy":"category","embeddable":true,"href":"https:\/\/vocesdebaires.com.ar\/index.php\/wp-json\/wp\/v2\/categories?post=41198"},{"taxonomy":"post_tag","embeddable":true,"href":"https:\/\/vocesdebaires.com.ar\/index.php\/wp-json\/wp\/v2\/tags?post=41198"}],"curies":[{"name":"wp","href":"https:\/\/api.w.org\/{rel}","templated":true}]}}