{"id":41201,"date":"2022-11-08T00:00:17","date_gmt":"2022-11-08T03:00:17","guid":{"rendered":"https:\/\/vocesdebaires.com.ar\/?p=41201"},"modified":"2022-11-07T23:37:14","modified_gmt":"2022-11-08T02:37:14","slug":"ciudadllega-la-tercera-feria-educativa-crea-tu-futuro","status":"publish","type":"post","link":"https:\/\/vocesdebaires.com.ar\/index.php\/2022\/11\/08\/ciudadllega-la-tercera-feria-educativa-crea-tu-futuro\/","title":{"rendered":"Ciudad:Llega la tercera Feria educativa Cre\u00e1 Tu Futuro"},"content":{"rendered":"<p>El Ministerio de Educaci\u00f3n de la Ciudad, a trav\u00e9s de la Agencia de Aprendizaje a lo largo de la vida, presenta la tercera edici\u00f3n de la Feria educativa \u201cCre\u00e1 Tu Futuro\u201d para dar a conocer su oferta de educaci\u00f3n para el trabajo destinada a la ciudadan\u00eda. El evento contar\u00e1 con talleres, charlas, actividades participativas, experiencias en tecnolog\u00eda, oradores destacados y entornos formativos para que j\u00f3venes y adultos\/as puedan conocer todas las propuestas de capacitaci\u00f3n que brinda el Ministerio para mejorar la empleabilidad de las personas.<\/p>\n<p>Adem\u00e1s, habr\u00e1 muestras de trabajos realizados por estudiantes (de los Centros de Formaci\u00f3n Profesional e Institutos de Educaci\u00f3n T\u00e9cnica Superior), innovaciones tecnol\u00f3gicas y mucho m\u00e1s. Quienes se acerquen podr\u00e1n participar activamente de la feria y conocer las m\u00e1s de 650 opciones formativas con las que cuenta la Ciudad. La oferta educativa gratuita de la Agencia de Aprendizaje se relaciona con los sectores productivos que tienen mayor demanda laboral en la Ciudad de Buenos Aires, como Tecnolog\u00eda, Turismo, Gastronom\u00eda y Hoteler\u00eda, Salud, Administraci\u00f3n, Construcci\u00f3n, Mec\u00e1nica y Energ\u00eda.<\/p>\n<p>Brinda opciones para quienes quieran iniciarse, hacer carrera o especializarse para profundizar sus conocimientos. Adem\u00e1s, hay capacitaciones de todo tipo y modalidad: cursos cortos y largos, tecnicaturas y diplomaturas, opciones virtuales, presenciales y a distancia, entre otras. Se realizar\u00e1 el 8 y 9 de noviembre en el Centro Cultural Recoleta. Habr\u00e1 charlas en vivo, talleres, exposiciones y recreaci\u00f3n de espacios de formaci\u00f3n con herramientas laborales. Adem\u00e1s, atenci\u00f3n personalizada para el per\u00edodo de inscripciones 2023<\/p>\n","protected":false},"excerpt":{"rendered":"<p>El Ministerio de Educaci\u00f3n de la Ciudad, a trav\u00e9s de la Agencia de Aprendizaje a lo largo de la vida, presenta la tercera edici\u00f3n de la Feria educativa \u201cCre\u00e1 Tu Futuro\u201d para dar a conocer su oferta de educaci\u00f3n para el trabajo destinada a la ciudadan\u00eda. El evento contar\u00e1 con talleres, charlas, actividades participativas, experiencias [&hellip;]<\/p>\n","protected":false},"author":3,"featured_media":41202,"comment_status":"open","ping_status":"open","sticky":false,"template":"","format":"standard","meta":{"_et_pb_use_builder":"","_et_pb_old_content":"","_et_gb_content_width":"","footnotes":""},"categories":[11,33],"tags":[],"class_list":["post-41201","post","type-post","status-publish","format-standard","has-post-thumbnail","hentry","category-ciudad","category-sociedad-y-cultura-2"],"_links":{"self":[{"href":"https:\/\/vocesdebaires.com.ar\/index.php\/wp-json\/wp\/v2\/posts\/41201"}],"collection":[{"href":"https:\/\/vocesdebaires.com.ar\/index.php\/wp-json\/wp\/v2\/posts"}],"about":[{"href":"https:\/\/vocesdebaires.com.ar\/index.php\/wp-json\/wp\/v2\/types\/post"}],"author":[{"embeddable":true,"href":"https:\/\/vocesdebaires.com.ar\/index.php\/wp-json\/wp\/v2\/users\/3"}],"replies":[{"embeddable":true,"href":"https:\/\/vocesdebaires.com.ar\/index.php\/wp-json\/wp\/v2\/comments?post=41201"}],"version-history":[{"count":1,"href":"https:\/\/vocesdebaires.com.ar\/index.php\/wp-json\/wp\/v2\/posts\/41201\/revisions"}],"predecessor-version":[{"id":41203,"href":"https:\/\/vocesdebaires.com.ar\/index.php\/wp-json\/wp\/v2\/posts\/41201\/revisions\/41203"}],"wp:featuredmedia":[{"embeddable":true,"href":"https:\/\/vocesdebaires.com.ar\/index.php\/wp-json\/wp\/v2\/media\/41202"}],"wp:attachment":[{"href":"https:\/\/vocesdebaires.com.ar\/index.php\/wp-json\/wp\/v2\/media?parent=41201"}],"wp:term":[{"taxonomy":"category","embeddable":true,"href":"https:\/\/vocesdebaires.com.ar\/index.php\/wp-json\/wp\/v2\/categories?post=41201"},{"taxonomy":"post_tag","embeddable":true,"href":"https:\/\/vocesdebaires.com.ar\/index.php\/wp-json\/wp\/v2\/tags?post=41201"}],"curies":[{"name":"wp","href":"https:\/\/api.w.org\/{rel}","templated":true}]}}