{"id":41204,"date":"2022-11-08T00:00:42","date_gmt":"2022-11-08T03:00:42","guid":{"rendered":"https:\/\/vocesdebaires.com.ar\/?p=41204"},"modified":"2022-11-07T23:42:35","modified_gmt":"2022-11-08T02:42:35","slug":"en-la-ciudadsemana-del-helado-artesanal-pone-el-foco-en-qatar-2022","status":"publish","type":"post","link":"https:\/\/vocesdebaires.com.ar\/index.php\/2022\/11\/08\/en-la-ciudadsemana-del-helado-artesanal-pone-el-foco-en-qatar-2022\/","title":{"rendered":"En la ciudad:Semana del helado artesanal pone el foco en Qatar 2022"},"content":{"rendered":"<p>Desde ayer lunes 7 arranca una nueva edici\u00f3n de La Semana del Aut\u00e9ntico Helado Artesanal, un cl\u00e1sico en el calendario gastron\u00f3mico porte\u00f1o, que este a\u00f1o pone especial foco en Mundial de F\u00fatbol que se jugar\u00e1 en Qatar. El evento, que se celebrar\u00e1 hasta el domingo 13, se extiende tambi\u00e9n a todo el pa\u00eds y a varios pa\u00edses de todo el mundo.Est\u00e1 organizado por la Asociaci\u00f3n Fabricantes Artesanales de Helados y Afines (AFADHYA) y en 2022 llega a su edici\u00f3n 38\u00aa. Dentro del programa se realizar\u00e1 tambi\u00e9n \u201cLa Noche de las Helader\u00edas\u201d, el jueves 10 de noviembre desde las 19.<\/p>\n<p>Este a\u00f1o, con 2&#215;1 en cuarto kilo, la presentaci\u00f3n de un nuevo sabor, Dulce Scaloneta, y la adhesi\u00f3n de importantes helader\u00edas en todo el mundo. Adem\u00e1s, durante toda la Semana, AFADHYA invita al Mundial de Qatar Helado Artesanal mediante el cual los participantes podr\u00e1n ganar 50 kilos de helado en las redes sociales, en conmemoraci\u00f3n por los 50 a\u00f1os de la Asociaci\u00f3n. Tambi\u00e9n habr\u00e1 acciones solidarias y muchas sorpresas para vivir. Hay m\u00e1s de 300 helader\u00edas adheridas en todo el pa\u00eds y los vecinos pueden identificarlas en el Mapa de la Asociaci\u00f3n<\/p>\n<p><strong>Agenda<\/strong><br \/>\nSmart Plaza Patio Parque Patricios<br \/>\nEs la primera plaza de comidas tecnol\u00f3gica de Latinoam\u00e9rica. Cuenta con seis puestos con oferta gastron\u00f3mica de hamburguesas, pizzas, comida natural, pescados, helado, pasteler\u00eda y cafeter\u00eda adem\u00e1s de dos cervecer\u00edas, todo para disfrutar al aire libre. Los diferentes men\u00fas pueden verse y pedirse desde la aplicaci\u00f3n Smart Plaza para evitar largas filas, pagar de forma electr\u00f3nica y poder ubicarse en una de las 50 mesas con bancos de madera a disposici\u00f3n. De lunes a domingo.<br \/>\nHorario: lunes a jueves y domingo de 11 a 24, viernes y s\u00e1bado de 11 a 1.<br \/>\nDirecci\u00f3n: Pepir\u00ed 185, esquina Uspallata.<br \/>\nM\u00e1s informaci\u00f3n: https:\/\/www.instagram.com\/smartplazas\/<\/p>\n<p><strong>Mercado Belgrano<\/strong> Est\u00e1 emplazado en terrenos que fueron cedidos por los herederos del escritor Jos\u00e9 Hern\u00e1ndez en 1875. Su historia y la calidad de los productos que ofrece distinguen al Mercado y lo vuelven parte indispensable de la identidad del barrio. Entre 2017 y 2019 se concretaron las dos etapas de su puesta en valor, que adem\u00e1s de importantes mejoras estructurales ampliaron el espacio con un patio de comidas exterior y una terraza a cielo abierto. De lunes a s\u00e1bado.<br \/>\nHorario: de 8:30 a 20 (gastron\u00f3micos de lunes a domingo de 11 a 24).<br \/>\nDirecci\u00f3n: Av. Juramento 2527.<br \/>\nM\u00e1s informaci\u00f3n: https:\/\/www.instagram.com\/mercadodebelgrano\/?hl=es-la<\/p>\n<p><strong>Mercado San Nicol\u00e1s<\/strong> Luego de su puesta en valor en 2019, reabri\u00f3 sus puertas con un espacio total de 961m2 entre la planta baja y el nuevo entrepiso, que sirve como espacio de coworking y escenario para realizar eventos y charlas. Hoy en d\u00eda, adem\u00e1s de los puestos hist\u00f3ricos de venta de productos frescos, existen varias propuestas gastron\u00f3micas que invitan al disfrute de los vecinos, oficinistas y turistas de la zona. D\u00edas y horarios: de lunes a s\u00e1bado de 8 a 19 (gastron\u00f3micos de 11 a 24).<br \/>\nDirecci\u00f3n: Av. C\u00f3rdoba 1750.<br \/>\nM\u00e1s informaci\u00f3n: https:\/\/www.instagram.com\/mercadosannicolas\/?hl=es-la<\/p>\n<p><strong>Mercado de Bonpland Naci\u00f3 en 2003<\/strong>, a partir del proyecto compartido entre asambleas populares, cooperativas, ONGs y grupos de peque\u00f1os productores. Su funcionamiento se basa en el fomento de la econom\u00eda solidaria y la producci\u00f3n autogestiva. En 2021 se realiz\u00f3 una puesta en valor que recuper\u00f3 el esplendor de su hist\u00f3rica fachada junto con importantes mejoras en los puestos e instalaciones generales. Vas a encontrar opciones para comprar frutas, verduras, productos regionales e indumentaria, todo producido de forma responsable, con una cadena de comercio justo y cuidando el planeta. D\u00edas y horarios: martes, mi\u00e9rcoles, viernes y s\u00e1bado de 10 a 20. Direcci\u00f3n: Bonpland 1660.<\/p>\n<p>M\u00e1s informaci\u00f3n: https:\/\/www.instagram.com\/mercado.bonpland\/<\/p>\n","protected":false},"excerpt":{"rendered":"<p>Desde ayer lunes 7 arranca una nueva edici\u00f3n de La Semana del Aut\u00e9ntico Helado Artesanal, un cl\u00e1sico en el calendario gastron\u00f3mico porte\u00f1o, que este a\u00f1o pone especial foco en Mundial de F\u00fatbol que se jugar\u00e1 en Qatar. El evento, que se celebrar\u00e1 hasta el domingo 13, se extiende tambi\u00e9n a todo el pa\u00eds y a [&hellip;]<\/p>\n","protected":false},"author":3,"featured_media":41205,"comment_status":"open","ping_status":"open","sticky":false,"template":"","format":"standard","meta":{"_et_pb_use_builder":"","_et_pb_old_content":"","_et_gb_content_width":"","footnotes":""},"categories":[11,33],"tags":[],"class_list":["post-41204","post","type-post","status-publish","format-standard","has-post-thumbnail","hentry","category-ciudad","category-sociedad-y-cultura-2"],"_links":{"self":[{"href":"https:\/\/vocesdebaires.com.ar\/index.php\/wp-json\/wp\/v2\/posts\/41204"}],"collection":[{"href":"https:\/\/vocesdebaires.com.ar\/index.php\/wp-json\/wp\/v2\/posts"}],"about":[{"href":"https:\/\/vocesdebaires.com.ar\/index.php\/wp-json\/wp\/v2\/types\/post"}],"author":[{"embeddable":true,"href":"https:\/\/vocesdebaires.com.ar\/index.php\/wp-json\/wp\/v2\/users\/3"}],"replies":[{"embeddable":true,"href":"https:\/\/vocesdebaires.com.ar\/index.php\/wp-json\/wp\/v2\/comments?post=41204"}],"version-history":[{"count":1,"href":"https:\/\/vocesdebaires.com.ar\/index.php\/wp-json\/wp\/v2\/posts\/41204\/revisions"}],"predecessor-version":[{"id":41206,"href":"https:\/\/vocesdebaires.com.ar\/index.php\/wp-json\/wp\/v2\/posts\/41204\/revisions\/41206"}],"wp:featuredmedia":[{"embeddable":true,"href":"https:\/\/vocesdebaires.com.ar\/index.php\/wp-json\/wp\/v2\/media\/41205"}],"wp:attachment":[{"href":"https:\/\/vocesdebaires.com.ar\/index.php\/wp-json\/wp\/v2\/media?parent=41204"}],"wp:term":[{"taxonomy":"category","embeddable":true,"href":"https:\/\/vocesdebaires.com.ar\/index.php\/wp-json\/wp\/v2\/categories?post=41204"},{"taxonomy":"post_tag","embeddable":true,"href":"https:\/\/vocesdebaires.com.ar\/index.php\/wp-json\/wp\/v2\/tags?post=41204"}],"curies":[{"name":"wp","href":"https:\/\/api.w.org\/{rel}","templated":true}]}}