{"id":41207,"date":"2022-11-08T00:00:14","date_gmt":"2022-11-08T03:00:14","guid":{"rendered":"https:\/\/vocesdebaires.com.ar\/?p=41207"},"modified":"2022-11-07T23:47:05","modified_gmt":"2022-11-08T02:47:05","slug":"larreta-se-reunio-con-el-presidente-del-partido-popular-de-espana","status":"publish","type":"post","link":"https:\/\/vocesdebaires.com.ar\/index.php\/2022\/11\/08\/larreta-se-reunio-con-el-presidente-del-partido-popular-de-espana\/","title":{"rendered":"Larreta se reuni\u00f3 con el presidente del Partido Popular de Espa\u00f1a"},"content":{"rendered":"<p>El jefe de Gobierno, Horacio Rodr\u00edguez Larreta, y Alberto N\u00fa\u00f1ez Feij\u00f3o, senador y presidente del Partido Popular de Espa\u00f1a, participaron este lunes del conversatorio internacional \u201cDesarrollo econ\u00f3mico y desaf\u00edos a la democracia\u201d, organizado por la Universidad Torcuato Di Tella (UTDT), Moderado por la profesora Ana Mar\u00eda Mustapic, el encuentro reuni\u00f3 a m\u00e1s de 170 estudiantes universitarios. Fue organizado por el Club de Pol\u00edtica de la UTDT, un espacio estudiantil que organiza encuentros entre los alumnos y las principales figuras pol\u00edticas. Durante una hora, Rodr\u00edguez Larreta y N\u00fa\u00f1ez Feij\u00f3o dialogaron sobre los desaf\u00edos actuales de la democracia y la emergencia de populismos y opciones de pol\u00edticas extremas.<\/p>\n<p>A su vez, intercambiaron visiones sobre las oportunidades de desarrollo para la Argentina y Espa\u00f1a, el escenario internacional actual y las consecuencias de la guerra entre Rusia y Ucrania para Europa y Am\u00e9rica Latina. \u201cLa Argentina necesita una pol\u00edtica exterior enfocada en el desarrollo. En los \u00faltimos a\u00f1os, la pol\u00edtica exterior estuvo al servicio de las internas del Frente de Todos y eso nos hizo perder prestigio y posicionamiento internacional. En cambio, lo que necesitamos es una inserci\u00f3n internacional coherente que mire al mundo como oportunidad, y que empuje la frontera de posibilidades de desarrollo del pa\u00eds\u201d, dijo Rodr\u00edguez Larreta.<\/p>\n","protected":false},"excerpt":{"rendered":"<p>El jefe de Gobierno, Horacio Rodr\u00edguez Larreta, y Alberto N\u00fa\u00f1ez Feij\u00f3o, senador y presidente del Partido Popular de Espa\u00f1a, participaron este lunes del conversatorio internacional \u201cDesarrollo econ\u00f3mico y desaf\u00edos a la democracia\u201d, organizado por la Universidad Torcuato Di Tella (UTDT), Moderado por la profesora Ana Mar\u00eda Mustapic, el encuentro reuni\u00f3 a m\u00e1s de 170 estudiantes [&hellip;]<\/p>\n","protected":false},"author":3,"featured_media":41208,"comment_status":"open","ping_status":"open","sticky":false,"template":"","format":"standard","meta":{"_et_pb_use_builder":"","_et_pb_old_content":"","_et_gb_content_width":"","footnotes":""},"categories":[11,33],"tags":[],"class_list":["post-41207","post","type-post","status-publish","format-standard","has-post-thumbnail","hentry","category-ciudad","category-sociedad-y-cultura-2"],"_links":{"self":[{"href":"https:\/\/vocesdebaires.com.ar\/index.php\/wp-json\/wp\/v2\/posts\/41207"}],"collection":[{"href":"https:\/\/vocesdebaires.com.ar\/index.php\/wp-json\/wp\/v2\/posts"}],"about":[{"href":"https:\/\/vocesdebaires.com.ar\/index.php\/wp-json\/wp\/v2\/types\/post"}],"author":[{"embeddable":true,"href":"https:\/\/vocesdebaires.com.ar\/index.php\/wp-json\/wp\/v2\/users\/3"}],"replies":[{"embeddable":true,"href":"https:\/\/vocesdebaires.com.ar\/index.php\/wp-json\/wp\/v2\/comments?post=41207"}],"version-history":[{"count":1,"href":"https:\/\/vocesdebaires.com.ar\/index.php\/wp-json\/wp\/v2\/posts\/41207\/revisions"}],"predecessor-version":[{"id":41209,"href":"https:\/\/vocesdebaires.com.ar\/index.php\/wp-json\/wp\/v2\/posts\/41207\/revisions\/41209"}],"wp:featuredmedia":[{"embeddable":true,"href":"https:\/\/vocesdebaires.com.ar\/index.php\/wp-json\/wp\/v2\/media\/41208"}],"wp:attachment":[{"href":"https:\/\/vocesdebaires.com.ar\/index.php\/wp-json\/wp\/v2\/media?parent=41207"}],"wp:term":[{"taxonomy":"category","embeddable":true,"href":"https:\/\/vocesdebaires.com.ar\/index.php\/wp-json\/wp\/v2\/categories?post=41207"},{"taxonomy":"post_tag","embeddable":true,"href":"https:\/\/vocesdebaires.com.ar\/index.php\/wp-json\/wp\/v2\/tags?post=41207"}],"curies":[{"name":"wp","href":"https:\/\/api.w.org\/{rel}","templated":true}]}}