{"id":41211,"date":"2022-11-08T00:00:02","date_gmt":"2022-11-08T03:00:02","guid":{"rendered":"https:\/\/vocesdebaires.com.ar\/?p=41211"},"modified":"2022-11-08T00:02:07","modified_gmt":"2022-11-08T03:02:07","slug":"victor-santamariahace-apriete-y-censura-con-la-serie-el-encargado","status":"publish","type":"post","link":"https:\/\/vocesdebaires.com.ar\/index.php\/2022\/11\/08\/victor-santamariahace-apriete-y-censura-con-la-serie-el-encargado\/","title":{"rendered":"V\u00edctor Santamar\u00eda:\u00bbHace apriete y censura con la serie EL ENCARGADO\u00bb"},"content":{"rendered":"<p>El Legislador porte\u00f1o Facundo Del Gaiso present\u00f3 un proyecto de repudio y preocupaci\u00f3n frente a las declaraciones que la Agrupaci\u00f3n de Encargados de edificios realizaron contra el actor Guillermo Francella y la serie que protagoniza \u201cEl encargado\u201d. \u201cEs peligroso lo que est\u00e1 haciendo el gremialista V\u00edctor Santamar\u00eda con la serie \u201cEl encargado\u201d. Con el agravante que es propietario de un holding de comunicaci\u00f3n. Discriminar la serie y hostigar el edificio donde se film\u00f3 con inspecciones, es una se\u00f1al de hostigamiento y apriete inadmisible\u201d, expres\u00f3 Del Gaiso.<\/p>\n<p>La serie narra la vida de un encargado de edificio, donde aprovecha su poder para entrometerse en la vida de los habitantes del inmueble. Luego de su estreno, la Agrupaci\u00f3n de Encargados de Edificios public\u00f3 una carta repudiando la serie, en la cual expresaban que no se sent\u00edan representados: \u201chemos decidido salir a dar la cara para que la gente no se deje llevar por esta oscura historia que tan mal nos deja parados\u201d.<\/p>\n<p>\u201cEl documento elaborado por la Agrupaci\u00f3n de Encargados parece desconocer que la serie se trata de ficci\u00f3n\u201d explic\u00f3 el legislador y a\u00f1adi\u00f3: \u201cLos cuestionamientos vertidos en la carta amenazan la libertad de expresi\u00f3n y la posibilidad de realizar ficci\u00f3n. Es inadmisible permitir este tipo de conductas por parte de uno de los sindicatos m\u00e1s importante de nuestro pa\u00eds y es por ello que repudiamos sus declaraciones\u201d. Por otro lado, trascendi\u00f3 que quien tambi\u00e9n estuvo gestionando llamados para bajar el tono de la serie fue la titular del INADI, Victoria Donda. \u201cDonda no est\u00e1 preocupada por la censura que ejerce el grupo Octubre de V\u00edctor Santamar\u00eda sobre la serie. Quiere averiguar si el personaje que aparece teniendo en negro a la empleada ser\u00eda ella\u201d, finaliz\u00f3 Del Gaiso.<\/p>\n","protected":false},"excerpt":{"rendered":"<p>El Legislador porte\u00f1o Facundo Del Gaiso present\u00f3 un proyecto de repudio y preocupaci\u00f3n frente a las declaraciones que la Agrupaci\u00f3n de Encargados de edificios realizaron contra el actor Guillermo Francella y la serie que protagoniza \u201cEl encargado\u201d. \u201cEs peligroso lo que est\u00e1 haciendo el gremialista V\u00edctor Santamar\u00eda con la serie \u201cEl encargado\u201d. Con el agravante [&hellip;]<\/p>\n","protected":false},"author":2,"featured_media":41212,"comment_status":"open","ping_status":"open","sticky":false,"template":"","format":"standard","meta":{"_et_pb_use_builder":"","_et_pb_old_content":"","_et_gb_content_width":"","footnotes":""},"categories":[11,33],"tags":[],"class_list":["post-41211","post","type-post","status-publish","format-standard","has-post-thumbnail","hentry","category-ciudad","category-sociedad-y-cultura-2"],"_links":{"self":[{"href":"https:\/\/vocesdebaires.com.ar\/index.php\/wp-json\/wp\/v2\/posts\/41211"}],"collection":[{"href":"https:\/\/vocesdebaires.com.ar\/index.php\/wp-json\/wp\/v2\/posts"}],"about":[{"href":"https:\/\/vocesdebaires.com.ar\/index.php\/wp-json\/wp\/v2\/types\/post"}],"author":[{"embeddable":true,"href":"https:\/\/vocesdebaires.com.ar\/index.php\/wp-json\/wp\/v2\/users\/2"}],"replies":[{"embeddable":true,"href":"https:\/\/vocesdebaires.com.ar\/index.php\/wp-json\/wp\/v2\/comments?post=41211"}],"version-history":[{"count":1,"href":"https:\/\/vocesdebaires.com.ar\/index.php\/wp-json\/wp\/v2\/posts\/41211\/revisions"}],"predecessor-version":[{"id":41213,"href":"https:\/\/vocesdebaires.com.ar\/index.php\/wp-json\/wp\/v2\/posts\/41211\/revisions\/41213"}],"wp:featuredmedia":[{"embeddable":true,"href":"https:\/\/vocesdebaires.com.ar\/index.php\/wp-json\/wp\/v2\/media\/41212"}],"wp:attachment":[{"href":"https:\/\/vocesdebaires.com.ar\/index.php\/wp-json\/wp\/v2\/media?parent=41211"}],"wp:term":[{"taxonomy":"category","embeddable":true,"href":"https:\/\/vocesdebaires.com.ar\/index.php\/wp-json\/wp\/v2\/categories?post=41211"},{"taxonomy":"post_tag","embeddable":true,"href":"https:\/\/vocesdebaires.com.ar\/index.php\/wp-json\/wp\/v2\/tags?post=41211"}],"curies":[{"name":"wp","href":"https:\/\/api.w.org\/{rel}","templated":true}]}}