{"id":41214,"date":"2022-11-08T00:14:14","date_gmt":"2022-11-08T03:14:14","guid":{"rendered":"https:\/\/vocesdebaires.com.ar\/?p=41214"},"modified":"2022-11-08T00:14:14","modified_gmt":"2022-11-08T03:14:14","slug":"amia-finalizaron-las-obras-en-el-cementerio-de-tablada","status":"publish","type":"post","link":"https:\/\/vocesdebaires.com.ar\/index.php\/2022\/11\/08\/amia-finalizaron-las-obras-en-el-cementerio-de-tablada\/","title":{"rendered":"AMIA: Finalizaron las obras en el cementerio de Tablada"},"content":{"rendered":"<p>AMIA concluy\u00f3 recientemente las obras que puso en marcha, en enero de este a\u00f1o, para fortalecer la infraestructura destinada a la seguridad del cementerio comunitario de Tablada. Las obras, que demandaron un esfuerzo presupuestario muy relevante, permitieron dotar al lugar de un sistema electr\u00f3nico de seguridad perimetral que contempla 4.700 metros lineales; adem\u00e1s la incorporaci\u00f3n de 4.700 metros de alambrado, y la elevaci\u00f3n de la altura de todo el muro exterior del cementerio (m\u00e1s de 2.000 metros lineales).<\/p>\n<p>En este mismo sentido, el plan de mejoras requiri\u00f3 la adecuaci\u00f3n del sistema el\u00e9ctrico, con la instalaci\u00f3n de nueve tableros seccionales, que fueron complementados con la colocaci\u00f3n de un circuito subterr\u00e1neo, a lo largo de 4.500 metros, que posibilita la operaci\u00f3n de los sistemas. Ante los graves hechos de vandalismo que se registraron en el cementerio y que la instituci\u00f3n denunci\u00f3 oportunamente en sede policial y ante autoridades gubernamentales locales y provinciales, AMIA llev\u00f3 adelante las obras correspondientes para cumplir con su misi\u00f3n de preservar respetuosamente la memoria de las m\u00e1s de 130.000 personas que descansan en este lugar de car\u00e1cter sagrado.<\/p>\n<p>M\u00e1s all\u00e1 de los pedidos que se elevaron insistentemente para que las autoridades adoptaran las medidas necesarias para que cesen los actos de profanaci\u00f3n, la instituci\u00f3n dise\u00f1\u00f3 y concret\u00f3 un programa integral de protecci\u00f3n, para reforzar las medidas de prevenci\u00f3n y seguridad. Como se sabe, la administraci\u00f3n de los cementerios (Beit Jaim o \u201ccasa de la vida\u201d) es una tarea fundacional de la AMIA, y resulta clave para la continuidad de la vida comunitaria. Su cuidado, preservaci\u00f3n y mantenimiento es una labor prioritaria para la organizaci\u00f3n.<\/p>\n","protected":false},"excerpt":{"rendered":"<p>AMIA concluy\u00f3 recientemente las obras que puso en marcha, en enero de este a\u00f1o, para fortalecer la infraestructura destinada a la seguridad del cementerio comunitario de Tablada. Las obras, que demandaron un esfuerzo presupuestario muy relevante, permitieron dotar al lugar de un sistema electr\u00f3nico de seguridad perimetral que contempla 4.700 metros lineales; adem\u00e1s la incorporaci\u00f3n [&hellip;]<\/p>\n","protected":false},"author":2,"featured_media":41215,"comment_status":"open","ping_status":"open","sticky":false,"template":"","format":"standard","meta":{"_et_pb_use_builder":"","_et_pb_old_content":"","_et_gb_content_width":"","footnotes":""},"categories":[11,33],"tags":[],"class_list":["post-41214","post","type-post","status-publish","format-standard","has-post-thumbnail","hentry","category-ciudad","category-sociedad-y-cultura-2"],"_links":{"self":[{"href":"https:\/\/vocesdebaires.com.ar\/index.php\/wp-json\/wp\/v2\/posts\/41214"}],"collection":[{"href":"https:\/\/vocesdebaires.com.ar\/index.php\/wp-json\/wp\/v2\/posts"}],"about":[{"href":"https:\/\/vocesdebaires.com.ar\/index.php\/wp-json\/wp\/v2\/types\/post"}],"author":[{"embeddable":true,"href":"https:\/\/vocesdebaires.com.ar\/index.php\/wp-json\/wp\/v2\/users\/2"}],"replies":[{"embeddable":true,"href":"https:\/\/vocesdebaires.com.ar\/index.php\/wp-json\/wp\/v2\/comments?post=41214"}],"version-history":[{"count":1,"href":"https:\/\/vocesdebaires.com.ar\/index.php\/wp-json\/wp\/v2\/posts\/41214\/revisions"}],"predecessor-version":[{"id":41216,"href":"https:\/\/vocesdebaires.com.ar\/index.php\/wp-json\/wp\/v2\/posts\/41214\/revisions\/41216"}],"wp:featuredmedia":[{"embeddable":true,"href":"https:\/\/vocesdebaires.com.ar\/index.php\/wp-json\/wp\/v2\/media\/41215"}],"wp:attachment":[{"href":"https:\/\/vocesdebaires.com.ar\/index.php\/wp-json\/wp\/v2\/media?parent=41214"}],"wp:term":[{"taxonomy":"category","embeddable":true,"href":"https:\/\/vocesdebaires.com.ar\/index.php\/wp-json\/wp\/v2\/categories?post=41214"},{"taxonomy":"post_tag","embeddable":true,"href":"https:\/\/vocesdebaires.com.ar\/index.php\/wp-json\/wp\/v2\/tags?post=41214"}],"curies":[{"name":"wp","href":"https:\/\/api.w.org\/{rel}","templated":true}]}}