{"id":41217,"date":"2022-11-08T00:17:42","date_gmt":"2022-11-08T03:17:42","guid":{"rendered":"https:\/\/vocesdebaires.com.ar\/?p=41217"},"modified":"2022-11-08T00:17:42","modified_gmt":"2022-11-08T03:17:42","slug":"legislaturafue-declarado-visitante-ilustre-alberto-nunez-feijoo","status":"publish","type":"post","link":"https:\/\/vocesdebaires.com.ar\/index.php\/2022\/11\/08\/legislaturafue-declarado-visitante-ilustre-alberto-nunez-feijoo\/","title":{"rendered":"Legislatura:Fue declarado visitante ilustre Alberto N\u00fa\u00f1ez Feij\u00f3o"},"content":{"rendered":"<p>El presidente del Partido Popular de Espa\u00f1a, Alberto N\u00fa\u00f1ez Feij\u00f3o, fue recibido por el vicepresidente 1\u00b0 de la Legislatura el legislador porte\u00f1o Emmanuel Ferrario. El homenajeado recibi\u00f3 su diploma como Visitante Ilustre, su segunda distinci\u00f3n en la Ciudad de Buenos Aires. El candidato a presidente de Espa\u00f1a hab\u00eda sido declarado Hu\u00e9sped de Honor en 2016 y ayer lunes renov\u00f3 su v\u00ednculo en la Casa Parlamentaria con un nuevo diploma.<\/p>\n<p>El legislador Ferrario encabez\u00f3 la ceremonia en nombre del cuerpo legislativo y expres\u00f3: \u201cHoy nos convoca otra agenda, enfocada en el futuro. Futuro en el cu\u00e1l nuestros pa\u00edses y comunidades puedan progresar. Un futuro que nos garantice las oportunidades para crecer en el lugar que nos toque y la libertad de elegir el camino para hacerlo. Tu trayectoria, Alberto, y la de todo el Partido Popular nos interpela. Tu visita nos invita a debatir sobre dos pilares clave para construir ese futuro: la democracia y la libertad\u201d, comunic\u00f3 el diputado.<\/p>\n<p>El legislador Claudio Romero (VJ) acompa\u00f1\u00f3 al presidente del Partido Popular y a Ferrario en la mesa central de la ceremonia. Tambi\u00e9n acompa\u00f1aron el evento las legisladora\u00a0 Natalia Fidel, Paola Michielotto y Mar\u00eda Cecilia Ferrero y los diputados Hern\u00e1n Reyes, Mat\u00edas L\u00f3pez y Esteban Garrido (VJ), entre otros. N\u00fa\u00f1ez Feij\u00f3o abri\u00f3 su discurso agradeciendo por el homenaje recibido y por el acompa\u00f1amiento que tuvo en el sal\u00f3n. \u201cEs un placer volver a este gran pa\u00eds en el marco del primer viaje internacional que tengo como presidente del Partido Popular de Espa\u00f1a y como candidato a la presidencia\u201d, dijo.<\/p>\n<p>A la hora de resaltar sus puntos de inter\u00e9s, el distinguido expres\u00f3: \u201cEncuentros como este suponen que uno acert\u00f3 cuando apost\u00f3 por mantener una relaci\u00f3n permanente, llena de afectos, con independencia de los colores pol\u00edticos en cada momento. Muchos de los desaf\u00edos que tenemos por delante son iguales. Compartimos experiencias, exploramos soluciones \u00fatiles para ambos pa\u00edses y sobre todo hemos de ser conscientes de que tenemos que caminar juntos, porque caminando juntos siempre se llega m\u00e1s lejos\u201d, coment\u00f3 N\u00fa\u00f1ez Feij\u00f3o.<\/p>\n<p>Por \u00faltimo, el candidato a presidente volvi\u00f3 a manifestar su enorme agradecimiento y remarc\u00f3: \u201cSi asumo mayor responsabilidades de las que tengo, Argentina seguir\u00e1 siendo un pa\u00eds prioritario para Espa\u00f1a. Much\u00edsimas gracias por vuestra generosidad, tienen ustedes una preciosa ciudad que cada vez que vengo est\u00e1 mejor. A pesar de las circunstancias del pa\u00eds, este es un lugar de prosperidad y un lugar de progreso. Ojal\u00e1 que toda Argentina sea Buenos Aires\u201d.<\/p>\n","protected":false},"excerpt":{"rendered":"<p>El presidente del Partido Popular de Espa\u00f1a, Alberto N\u00fa\u00f1ez Feij\u00f3o, fue recibido por el vicepresidente 1\u00b0 de la Legislatura el legislador porte\u00f1o Emmanuel Ferrario. El homenajeado recibi\u00f3 su diploma como Visitante Ilustre, su segunda distinci\u00f3n en la Ciudad de Buenos Aires. El candidato a presidente de Espa\u00f1a hab\u00eda sido declarado Hu\u00e9sped de Honor en 2016 [&hellip;]<\/p>\n","protected":false},"author":2,"featured_media":41218,"comment_status":"open","ping_status":"open","sticky":false,"template":"","format":"standard","meta":{"_et_pb_use_builder":"","_et_pb_old_content":"","_et_gb_content_width":"","footnotes":""},"categories":[11,33],"tags":[],"class_list":["post-41217","post","type-post","status-publish","format-standard","has-post-thumbnail","hentry","category-ciudad","category-sociedad-y-cultura-2"],"_links":{"self":[{"href":"https:\/\/vocesdebaires.com.ar\/index.php\/wp-json\/wp\/v2\/posts\/41217"}],"collection":[{"href":"https:\/\/vocesdebaires.com.ar\/index.php\/wp-json\/wp\/v2\/posts"}],"about":[{"href":"https:\/\/vocesdebaires.com.ar\/index.php\/wp-json\/wp\/v2\/types\/post"}],"author":[{"embeddable":true,"href":"https:\/\/vocesdebaires.com.ar\/index.php\/wp-json\/wp\/v2\/users\/2"}],"replies":[{"embeddable":true,"href":"https:\/\/vocesdebaires.com.ar\/index.php\/wp-json\/wp\/v2\/comments?post=41217"}],"version-history":[{"count":1,"href":"https:\/\/vocesdebaires.com.ar\/index.php\/wp-json\/wp\/v2\/posts\/41217\/revisions"}],"predecessor-version":[{"id":41219,"href":"https:\/\/vocesdebaires.com.ar\/index.php\/wp-json\/wp\/v2\/posts\/41217\/revisions\/41219"}],"wp:featuredmedia":[{"embeddable":true,"href":"https:\/\/vocesdebaires.com.ar\/index.php\/wp-json\/wp\/v2\/media\/41218"}],"wp:attachment":[{"href":"https:\/\/vocesdebaires.com.ar\/index.php\/wp-json\/wp\/v2\/media?parent=41217"}],"wp:term":[{"taxonomy":"category","embeddable":true,"href":"https:\/\/vocesdebaires.com.ar\/index.php\/wp-json\/wp\/v2\/categories?post=41217"},{"taxonomy":"post_tag","embeddable":true,"href":"https:\/\/vocesdebaires.com.ar\/index.php\/wp-json\/wp\/v2\/tags?post=41217"}],"curies":[{"name":"wp","href":"https:\/\/api.w.org\/{rel}","templated":true}]}}