{"id":41225,"date":"2022-11-09T00:00:14","date_gmt":"2022-11-09T03:00:14","guid":{"rendered":"https:\/\/vocesdebaires.com.ar\/?p=41225"},"modified":"2022-11-08T23:18:22","modified_gmt":"2022-11-09T02:18:22","slug":"rodriguez-larreta-se-reunio-con-felipe-gonzalez-expresidente-de-espana","status":"publish","type":"post","link":"https:\/\/vocesdebaires.com.ar\/index.php\/2022\/11\/09\/rodriguez-larreta-se-reunio-con-felipe-gonzalez-expresidente-de-espana\/","title":{"rendered":"Rodr\u00edguez Larreta se reuni\u00f3 con Felipe Gonz\u00e1lez, expresidente de Espa\u00f1a"},"content":{"rendered":"<p>Horacio Rodr\u00edguez Larreta se reuni\u00f3 con Felipe Gonz\u00e1lez, expresidente de Espa\u00f1a: \u201cLos argentinos necesitamos grandes consensos para que el pa\u00eds se desarrolle\u201d El jefe de Gobierno, Horacio Rodr\u00edguez Larreta, se reuni\u00f3 hoy con el expresidente espa\u00f1ol Felipe Gonz\u00e1lez, con quien dialog\u00f3 sobre su experiencia en los Pactos de la Moncloa de 1977, una serie de acuerdos hist\u00f3ricos que sentaron las bases para consolidar la transici\u00f3n de Espa\u00f1a hacia una democracia pr\u00f3spera. \u201cLos argentinos necesitamos grandes consensos que podamos sostener en el tiempo para que nuestro pa\u00eds se desarrolle. La experiencia espa\u00f1ola nos muestra que esos consensos son posibles\u201d, destac\u00f3 Rodr\u00edguez Larreta.<\/p>\n<p>Tambi\u00e9n participaron de la reuni\u00f3n el secretario general y de Relaciones Internacionales de la Ciudad, Fernando Straface, y Roc\u00edo Mart\u00ednez Sampere, directora de la Fundaci\u00f3n Felipe Gonz\u00e1lez.\u00a0 En total, los Pactos de la Moncloa fueron dos acuerdos: uno sobre reforma econ\u00f3mica y otro jur\u00eddico y pol\u00edtico. A partir de ellos, Espa\u00f1a puso en marcha un programa presupuestario y monetario que permiti\u00f3 bajar la tasa de inflaci\u00f3n del 24,6% al 16,5% en un a\u00f1o. La presidencia de Felipe Gonz\u00e1lez se extendi\u00f3 durante 13 a\u00f1os, entre 1982 y 1996, y fue el per\u00edodo presidencial m\u00e1s largo de la democracia espa\u00f1ola.<\/p>\n<p>Su victoria fue la primera mayor\u00eda absoluta de un partido en la democracia en Espa\u00f1a, y obtuvo la cifra m\u00e1s alta de diputados hasta la fecha. Adem\u00e1s, fue secretario general del Partido Socialista Obrero Espa\u00f1ol (PSOE) entre 1974 y 1997. Asimismo, el jefe de Gobierno y Gonz\u00e1lez conversaron sobre la guerra entre Rusia y Ucrania, y destacaron el potencial que tiene Am\u00e9rica Latina y en particular la Argentina para satisfacer la demanda global de alimentos y energ\u00eda. \u201cNecesitamos inversiones que nos permitan potenciar los complejos exportadores.<\/p>\n<p>Para eso, debemos trabajar en construir instituciones s\u00f3lidas y un ambiente macroecon\u00f3mico estable. La Argentina debe apostar a la relaci\u00f3n constructiva con las potencias para crecer y desarrollarse\u201d, sostuvo Rodr\u00edguez Larreta. Por otro lado, el jefe de Gobierno remarc\u00f3 la necesidad de transformar y modernizar el Mercosur para consolidarlo como plataforma de negociaci\u00f3n comercial de la regi\u00f3n con el resto del mundo. Adem\u00e1s, se\u00f1al\u00f3 la importancia para la regi\u00f3n de que el acuerdo entre el Mercosur y la Uni\u00f3n Europea entre en vigencia.<\/p>\n<p>Fotos: Walter Carrera\/GCBA<\/p>\n","protected":false},"excerpt":{"rendered":"<p>Horacio Rodr\u00edguez Larreta se reuni\u00f3 con Felipe Gonz\u00e1lez, expresidente de Espa\u00f1a: \u201cLos argentinos necesitamos grandes consensos para que el pa\u00eds se desarrolle\u201d El jefe de Gobierno, Horacio Rodr\u00edguez Larreta, se reuni\u00f3 hoy con el expresidente espa\u00f1ol Felipe Gonz\u00e1lez, con quien dialog\u00f3 sobre su experiencia en los Pactos de la Moncloa de 1977, una serie de [&hellip;]<\/p>\n","protected":false},"author":3,"featured_media":41226,"comment_status":"open","ping_status":"open","sticky":false,"template":"","format":"standard","meta":{"_et_pb_use_builder":"","_et_pb_old_content":"","_et_gb_content_width":"","footnotes":""},"categories":[11,33],"tags":[],"class_list":["post-41225","post","type-post","status-publish","format-standard","has-post-thumbnail","hentry","category-ciudad","category-sociedad-y-cultura-2"],"_links":{"self":[{"href":"https:\/\/vocesdebaires.com.ar\/index.php\/wp-json\/wp\/v2\/posts\/41225"}],"collection":[{"href":"https:\/\/vocesdebaires.com.ar\/index.php\/wp-json\/wp\/v2\/posts"}],"about":[{"href":"https:\/\/vocesdebaires.com.ar\/index.php\/wp-json\/wp\/v2\/types\/post"}],"author":[{"embeddable":true,"href":"https:\/\/vocesdebaires.com.ar\/index.php\/wp-json\/wp\/v2\/users\/3"}],"replies":[{"embeddable":true,"href":"https:\/\/vocesdebaires.com.ar\/index.php\/wp-json\/wp\/v2\/comments?post=41225"}],"version-history":[{"count":1,"href":"https:\/\/vocesdebaires.com.ar\/index.php\/wp-json\/wp\/v2\/posts\/41225\/revisions"}],"predecessor-version":[{"id":41227,"href":"https:\/\/vocesdebaires.com.ar\/index.php\/wp-json\/wp\/v2\/posts\/41225\/revisions\/41227"}],"wp:featuredmedia":[{"embeddable":true,"href":"https:\/\/vocesdebaires.com.ar\/index.php\/wp-json\/wp\/v2\/media\/41226"}],"wp:attachment":[{"href":"https:\/\/vocesdebaires.com.ar\/index.php\/wp-json\/wp\/v2\/media?parent=41225"}],"wp:term":[{"taxonomy":"category","embeddable":true,"href":"https:\/\/vocesdebaires.com.ar\/index.php\/wp-json\/wp\/v2\/categories?post=41225"},{"taxonomy":"post_tag","embeddable":true,"href":"https:\/\/vocesdebaires.com.ar\/index.php\/wp-json\/wp\/v2\/tags?post=41225"}],"curies":[{"name":"wp","href":"https:\/\/api.w.org\/{rel}","templated":true}]}}