{"id":41229,"date":"2022-11-09T00:00:32","date_gmt":"2022-11-09T03:00:32","guid":{"rendered":"https:\/\/vocesdebaires.com.ar\/?p=41229"},"modified":"2022-11-08T23:27:54","modified_gmt":"2022-11-09T02:27:54","slug":"los-tandilero-y-la-nueva-edicion-de-la-fiesta-del-queso","status":"publish","type":"post","link":"https:\/\/vocesdebaires.com.ar\/index.php\/2022\/11\/09\/los-tandilero-y-la-nueva-edicion-de-la-fiesta-del-queso\/","title":{"rendered":"Los Tandilero y la nueva edici\u00f3n de la fiesta del queso"},"content":{"rendered":"<p>Los productores de la ciudad se encuentran ultimando detalles para la 4ta. edici\u00f3n de la Fiesta del Queso Tandilero que se llevar\u00e1 a cabo los d\u00edas 9,10 y 11 de diciembre de 2022 organizada por la Asociaci\u00f3n Civil Cluster Quesero y el Municipio de Tandil. Mientras tanto se avanza en las gestiones para que sea declarada de inter\u00e9s provincial. En la diagonal Illia, en cercan\u00edas a la portada del Parque Independencia los productores y productoras del Cluster desplegar\u00e1n sus productos durante los tres d\u00edas con stands de venta entre los que se encontrar\u00e1n empresas integrantes del mismo. Adem\u00e1s, habr\u00e1 clases de cocina, capacitaciones, sector de juegos para chicos, espect\u00e1culos musicales, difusi\u00f3n tur\u00edstica, espacios de concientizaci\u00f3n ecol\u00f3gica, acciones educativas, humor, patio de comidas y foodtrucks.<\/p>\n<p>Este a\u00f1o en Tandil se conform\u00f3 una subcomisi\u00f3n dentro de la instituci\u00f3n quesera, con el objetivo de reforzar los aspectos organizativos y avanzar en nuevas ideas que muestren las potencialidades del sector y el crecimiento institucional.\u00a0 De esta manera, 7 productores asociados participan activamente de la formulaci\u00f3n de esta propuesta popular que crece a\u00f1o tras a\u00f1o. El compromiso empe\u00f1ado es una clara muestra de la solidez que se logr\u00f3 con los actores del sector l\u00e1cteo. La Fiesta del Queso forma parte de las acciones destinadas a fortalecer un Tandil protagonista, potenciando y dando a conocer el trabajo de las empresas de la ciudad y la regi\u00f3n.<\/p>\n<p>A su vez, refuerza el trabajo que el Cluster viene desarrollando junto al Estado, las instituciones y las pymes en la promoci\u00f3n y difusi\u00f3n del Destino Tandil y sus productos de arraigo local.\u00a0 Est\u00e1 declarada de inter\u00e9s municipal y tur\u00edstico por el municipio y se avanza en la declaraci\u00f3n de Inter\u00e9s Provincial, impulsada por la Subsecretar\u00eda de Turismo de la Provincia de Buenos Aires. Tambi\u00e9n se busca considerarla de inter\u00e9s legislativo en la C\u00e1mara Legislativa provincial.<\/p>\n","protected":false},"excerpt":{"rendered":"<p>Los productores de la ciudad se encuentran ultimando detalles para la 4ta. edici\u00f3n de la Fiesta del Queso Tandilero que se llevar\u00e1 a cabo los d\u00edas 9,10 y 11 de diciembre de 2022 organizada por la Asociaci\u00f3n Civil Cluster Quesero y el Municipio de Tandil. Mientras tanto se avanza en las gestiones para que sea [&hellip;]<\/p>\n","protected":false},"author":2,"featured_media":41230,"comment_status":"open","ping_status":"open","sticky":false,"template":"","format":"standard","meta":{"_et_pb_use_builder":"","_et_pb_old_content":"","_et_gb_content_width":"","footnotes":""},"categories":[34,13],"tags":[],"class_list":["post-41229","post","type-post","status-publish","format-standard","has-post-thumbnail","hentry","category-politica","category-provincia"],"_links":{"self":[{"href":"https:\/\/vocesdebaires.com.ar\/index.php\/wp-json\/wp\/v2\/posts\/41229"}],"collection":[{"href":"https:\/\/vocesdebaires.com.ar\/index.php\/wp-json\/wp\/v2\/posts"}],"about":[{"href":"https:\/\/vocesdebaires.com.ar\/index.php\/wp-json\/wp\/v2\/types\/post"}],"author":[{"embeddable":true,"href":"https:\/\/vocesdebaires.com.ar\/index.php\/wp-json\/wp\/v2\/users\/2"}],"replies":[{"embeddable":true,"href":"https:\/\/vocesdebaires.com.ar\/index.php\/wp-json\/wp\/v2\/comments?post=41229"}],"version-history":[{"count":1,"href":"https:\/\/vocesdebaires.com.ar\/index.php\/wp-json\/wp\/v2\/posts\/41229\/revisions"}],"predecessor-version":[{"id":41231,"href":"https:\/\/vocesdebaires.com.ar\/index.php\/wp-json\/wp\/v2\/posts\/41229\/revisions\/41231"}],"wp:featuredmedia":[{"embeddable":true,"href":"https:\/\/vocesdebaires.com.ar\/index.php\/wp-json\/wp\/v2\/media\/41230"}],"wp:attachment":[{"href":"https:\/\/vocesdebaires.com.ar\/index.php\/wp-json\/wp\/v2\/media?parent=41229"}],"wp:term":[{"taxonomy":"category","embeddable":true,"href":"https:\/\/vocesdebaires.com.ar\/index.php\/wp-json\/wp\/v2\/categories?post=41229"},{"taxonomy":"post_tag","embeddable":true,"href":"https:\/\/vocesdebaires.com.ar\/index.php\/wp-json\/wp\/v2\/tags?post=41229"}],"curies":[{"name":"wp","href":"https:\/\/api.w.org\/{rel}","templated":true}]}}